{"id":9999,"date":"2009-08-28T15:47:19","date_gmt":"2009-08-28T19:47:19","guid":{"rendered":"http:\/\/www.redenoticia.com.br\/noticia\/?p=9999"},"modified":"2009-08-29T18:27:11","modified_gmt":"2009-08-29T22:27:11","slug":"profissao-professor-utiliza-o-futebol-para-falar-sobre-a-africa","status":"publish","type":"post","link":"https:\/\/www.redenoticia.com.br\/noticia\/2009\/profissao-professor-utiliza-o-futebol-para-falar-sobre-a-africa\/9999","title":{"rendered":"Profiss\u00e3o Professor utiliza o futebol para falar sobre a \u00c1frica"},"content":{"rendered":"<p><a href=\"https:\/\/www.redenoticia.com.br\/noticia\/imagens\/\/professor2.jpg\"><img loading=\"lazy\" decoding=\"async\" class=\"alignleft size-full wp-image-10000\" title=\"professor2\" src=\"https:\/\/www.redenoticia.com.br\/noticia\/imagens\/\/professor2.jpg\" alt=\"professor2\" width=\"150\" height=\"113\" \/><\/a>Programa, que ir\u00e1 ao ar neste s\u00e1bado (29\/8), na TV Cultura, mostra como os educadores podem usar o esporte para ensinar as crian\u00e7as. Uma paix\u00e3o nacional entra em cena no Profiss\u00e3o Professor, neste s\u00e1bado (29\/8), \u00e0s 10h, na TV Cultura. O programa mostra como os educadores podem utilizar o futebol para passar no\u00e7\u00f5es de hist\u00f3ria e geografia para as crian\u00e7as.\u00a0<\/p>\n<p>O professor Edu (interpretado pelo ator Paulo Am\u00e9rico) trabalha conhecimentos sobre o continente africano com seus alunos de educa\u00e7\u00e3o infantil, utilizando o futebol como pano de fundo. Para isso, ele traz informa\u00e7\u00f5es sobre as camisas e os escudos das sele\u00e7\u00f5es africanas e comenta sobre a Copa do Mundo de 2010, que acontecer\u00e1 na \u00c1frica do Sul.<\/p>\n<p>Como suporte para a iniciativa de Edu, a coordenadora pedag\u00f3gica C\u00e9lia (Lulu Pavarin) sugere ao grupo de professores o projeto \u00c1frica-Brasil: Origens africanas num pa\u00eds chamado Brasil, um dos vencedores do Pr\u00eamio Educador Nota 10. O trabalho partiu das informa\u00e7\u00f5es que as crian\u00e7as tinham sobre a \u00c1frica, por meio da dan\u00e7a e da m\u00fasica, e foi al\u00e9m das influ\u00eancias africanas na civiliza\u00e7\u00e3o brasileira, buscando os impactos dessa cultura na nossa identidade.<\/p>\n<p>Produzida em parceria com a Funda\u00e7\u00e3o Victor Civita, a s\u00e9rie Profiss\u00e3o Professor voltou \u00e0 programa\u00e7\u00e3o da TV Cultura com situa\u00e7\u00f5es que misturam experi\u00eancias reais com fic\u00e7\u00e3o. Em sua terceira fase, apresenta os projetos vencedores do Pr\u00eamio Victor Civita &#8211; Educador Nota 10, de 2008, contando com um elenco formado pelos atores Siomara Schr\u00f6der, Silvia Faro, Paulo Am\u00e9rico e Lulu Pavarin.<\/p>\n","protected":false},"excerpt":{"rendered":"<p>Programa, que ir\u00e1 ao ar neste s\u00e1bado (29\/8), na TV Cultura, mostra como os educadores podem usar o esporte para ensinar as crian\u00e7as. Uma paix\u00e3o nacional entra em cena no Profiss\u00e3o Professor, neste s\u00e1bado (29\/8), \u00e0s 10h, na TV Cultura. O programa mostra como os educadores podem utilizar o futebol para passar no\u00e7\u00f5es de hist\u00f3ria [&hellip;]<\/p>\n","protected":false},"author":3,"featured_media":0,"comment_status":"open","ping_status":"open","sticky":false,"template":"","format":"standard","meta":{"_genesis_hide_title":false,"_genesis_hide_breadcrumbs":false,"_genesis_hide_singular_image":false,"_genesis_hide_footer_widgets":false,"_genesis_custom_body_class":"","_genesis_custom_post_class":"","_genesis_layout":"","_jetpack_memberships_contains_paid_content":false,"footnotes":""},"categories":[22],"tags":[],"class_list":{"0":"post-9999","1":"post","2":"type-post","3":"status-publish","4":"format-standard","6":"category-brasil","7":"entry","8":"gs-1","9":"gs-odd","10":"gs-even","11":"gs-featured-content-entry"},"jetpack_featured_media_url":"","jetpack_sharing_enabled":true,"jetpack_likes_enabled":true,"_links":{"self":[{"href":"https:\/\/www.redenoticia.com.br\/noticia\/wp-json\/wp\/v2\/posts\/9999","targetHints":{"allow":["GET"]}}],"collection":[{"href":"https:\/\/www.redenoticia.com.br\/noticia\/wp-json\/wp\/v2\/posts"}],"about":[{"href":"https:\/\/www.redenoticia.com.br\/noticia\/wp-json\/wp\/v2\/types\/post"}],"author":[{"embeddable":true,"href":"https:\/\/www.redenoticia.com.br\/noticia\/wp-json\/wp\/v2\/users\/3"}],"replies":[{"embeddable":true,"href":"https:\/\/www.redenoticia.com.br\/noticia\/wp-json\/wp\/v2\/comments?post=9999"}],"version-history":[{"count":0,"href":"https:\/\/www.redenoticia.com.br\/noticia\/wp-json\/wp\/v2\/posts\/9999\/revisions"}],"wp:attachment":[{"href":"https:\/\/www.redenoticia.com.br\/noticia\/wp-json\/wp\/v2\/media?parent=9999"}],"wp:term":[{"taxonomy":"category","embeddable":true,"href":"https:\/\/www.redenoticia.com.br\/noticia\/wp-json\/wp\/v2\/categories?post=9999"},{"taxonomy":"post_tag","embeddable":true,"href":"https:\/\/www.redenoticia.com.br\/noticia\/wp-json\/wp\/v2\/tags?post=9999"}],"curies":[{"name":"wp","href":"https:\/\/api.w.org\/{rel}","templated":true}]}}