{"id":99987,"date":"2016-11-18T06:24:09","date_gmt":"2016-11-18T08:24:09","guid":{"rendered":"http:\/\/www.redenoticia.com.br\/noticia\/?p=99987"},"modified":"2016-11-17T16:24:51","modified_gmt":"2016-11-17T18:24:51","slug":"deficit-primario-do-governo-central-deve-cair-para-r-1595-bi-diz-pesquisa","status":"publish","type":"post","link":"https:\/\/www.redenoticia.com.br\/noticia\/2016\/deficit-primario-do-governo-central-deve-cair-para-r-1595-bi-diz-pesquisa\/99987","title":{"rendered":"D\u00e9ficit prim\u00e1rio do Governo Central deve cair para R$ 159,5 bi, diz pesquisa"},"content":{"rendered":"<p> Institui\u00e7\u00f5es financeiras consultadas pelo Minist\u00e9rio da Fazenda esperam que o <strong><em>d\u00e9ficit prim\u00e1rio<\/em><\/strong> do Governo Central (Tesouro Nacional, Previd\u00eancia Social e Banco Central) termine este ano em R$ 159,5 bilh\u00f5es ante o resultado negativo de R$159,8 bilh\u00f5es, previsto anteriormente.<\/p>\n<p> A proje\u00e7\u00e3o consta na pesquisa Prisma Fiscal elaborada pela Secretaria de Pol\u00edtica Econ\u00f4mica do Minist\u00e9rio da Fazenda, com base em informa\u00e7\u00f5es de 30 institui\u00e7\u00f5es financeiras do mercado. Para 2017, a estimativa de d\u00e9ficit passou de R$ 145,3 bilh\u00f5es para R$ 144,7 bilh\u00f5es.<\/p>\n<p>A proje\u00e7\u00e3o da arrecada\u00e7\u00e3o das receitas federais, este ano, subiu de R$ 1,269 trilh\u00e3o para R$ 1,288 trilh\u00e3o. Para 2017, a estimativa passou de R$ 1,354 para R$ 1,356 trilh\u00e3o.<\/p>\n<p>Para a receita l\u00edquida do Governo Central, a estimativa \u00e9 que suba de R$ 1,078 trilh\u00e3o para R$ 1,092 trilh\u00e3o este ano e no ano que vem apresente queda, registrando R$1,169 trilh\u00e3o. No caso da Despesa Total do Governo Central, a proje\u00e7\u00e3o chega a R$ 1,247 trilh\u00e3o em 2016 e R$ 1,316 trilh\u00e3o no ano que vem.<\/p>\n<p>A pesquisa apresenta tamb\u00e9m a proje\u00e7\u00e3o para a d\u00edvida bruta do governo central, que na avalia\u00e7\u00e3o das institui\u00e7\u00f5es financeiras, deve cair de 73,50% do Produto Interno Bruto (PIB) para 73,20% este ano. Para 2017, a estimativa mudou de 78,20% para 78,22% do PIB.<\/p>\n<p>Da Ag\u00eancia Brasil<br \/>\nEdi\u00e7\u00e3o: Maria Claudia<br \/>\n18\/11\/2016<\/p>\n","protected":false},"excerpt":{"rendered":"<p>Institui\u00e7\u00f5es financeiras consultadas pelo Minist\u00e9rio da Fazenda esperam que o d\u00e9ficit prim\u00e1rio do Governo Central (Tesouro Nacional, Previd\u00eancia Social e Banco Central) termine este ano em R$ 159,5 bilh\u00f5es ante o resultado negativo de R$159,8 bilh\u00f5es, previsto anteriormente. A proje\u00e7\u00e3o consta na pesquisa Prisma Fiscal elaborada pela Secretaria de Pol\u00edtica Econ\u00f4mica do Minist\u00e9rio da Fazenda, [&hellip;]<\/p>\n","protected":false},"author":2,"featured_media":57583,"comment_status":"open","ping_status":"closed","sticky":false,"template":"","format":"standard","meta":{"_genesis_hide_title":false,"_genesis_hide_breadcrumbs":false,"_genesis_hide_singular_image":false,"_genesis_hide_footer_widgets":false,"_genesis_custom_body_class":"","_genesis_custom_post_class":"","_genesis_layout":"","_jetpack_memberships_contains_paid_content":false,"footnotes":""},"categories":[22,7],"tags":[],"class_list":{"0":"post-99987","1":"post","2":"type-post","3":"status-publish","4":"format-standard","5":"has-post-thumbnail","7":"category-brasil","8":"category-economia","9":"entry","10":"gs-1","11":"gs-odd","12":"gs-even","13":"gs-featured-content-entry"},"jetpack_featured_media_url":"https:\/\/www.redenoticia.com.br\/noticia\/imagens\/economia-grafico.jpg","jetpack_sharing_enabled":true,"jetpack_likes_enabled":true,"_links":{"self":[{"href":"https:\/\/www.redenoticia.com.br\/noticia\/wp-json\/wp\/v2\/posts\/99987","targetHints":{"allow":["GET"]}}],"collection":[{"href":"https:\/\/www.redenoticia.com.br\/noticia\/wp-json\/wp\/v2\/posts"}],"about":[{"href":"https:\/\/www.redenoticia.com.br\/noticia\/wp-json\/wp\/v2\/types\/post"}],"author":[{"embeddable":true,"href":"https:\/\/www.redenoticia.com.br\/noticia\/wp-json\/wp\/v2\/users\/2"}],"replies":[{"embeddable":true,"href":"https:\/\/www.redenoticia.com.br\/noticia\/wp-json\/wp\/v2\/comments?post=99987"}],"version-history":[{"count":0,"href":"https:\/\/www.redenoticia.com.br\/noticia\/wp-json\/wp\/v2\/posts\/99987\/revisions"}],"wp:featuredmedia":[{"embeddable":true,"href":"https:\/\/www.redenoticia.com.br\/noticia\/wp-json\/wp\/v2\/media\/57583"}],"wp:attachment":[{"href":"https:\/\/www.redenoticia.com.br\/noticia\/wp-json\/wp\/v2\/media?parent=99987"}],"wp:term":[{"taxonomy":"category","embeddable":true,"href":"https:\/\/www.redenoticia.com.br\/noticia\/wp-json\/wp\/v2\/categories?post=99987"},{"taxonomy":"post_tag","embeddable":true,"href":"https:\/\/www.redenoticia.com.br\/noticia\/wp-json\/wp\/v2\/tags?post=99987"}],"curies":[{"name":"wp","href":"https:\/\/api.w.org\/{rel}","templated":true}]}}