{"id":99985,"date":"2016-11-18T06:23:00","date_gmt":"2016-11-18T08:23:00","guid":{"rendered":"http:\/\/www.redenoticia.com.br\/noticia\/?p=99985"},"modified":"2016-11-17T16:24:04","modified_gmt":"2016-11-17T18:24:04","slug":"estudo-aponta-queda-na-diferenca-de-renda-entre-negros-e-nao-negros","status":"publish","type":"post","link":"https:\/\/www.redenoticia.com.br\/noticia\/2016\/estudo-aponta-queda-na-diferenca-de-renda-entre-negros-e-nao-negros\/99985","title":{"rendered":"Estudo aponta queda na diferen\u00e7a de renda entre negros e n\u00e3o negros"},"content":{"rendered":"<p> Embora ainda tenham desvantagens na disputa por vagas no mercado de trabalho, os negros passaram a ter <strong><em>rendimentos<\/em><\/strong> mais pr\u00f3ximos dos n\u00e3o negros no ano passado, em compara\u00e7\u00e3o com 2014. Mas isso ocorreu porque foi maior a queda dos ganhos dos n\u00e3o negros que passaram a receber valores 8% menores do que no ano anterior, enquanto os negros tiveram um recuo m\u00e9dio de 2,2%.<\/p>\n<p>Os dados s\u00e3o da Pesquisa de Emprego e Desemprego (PED) feita em conjunto pelo Departamento Intersindical de Estat\u00edstica e Estudos Socioecon\u00f4micos (Dieese) e Funda\u00e7\u00e3o Sistema Estadual de An\u00e1lise de Dados (Funda\u00e7\u00e3o Seade). O levantamento, feito com base na PED mensal, \u00e9 divulgado, anualmente, para marcar o Dia Nacional da Consci\u00eancia Negra, a ser comemorado, no pr\u00f3ximo domingo (20).<\/p>\n<p>A pesquisa mostra que, por hora, os negros estavam recebendo em m\u00e9dia R$ 9,39 ou 67,7% do valor obtido pelos n\u00e3o negros (R$ 13,88). O percentual era de 63,7% em 2014 e j\u00e1 chegou a equivaler a 54,6% em 2002. Como efeito da crise econ\u00f4mica, o corte de vagas atingiu mais os negros cuja taxa de desemprego subiu de 12% para 14,9%, enquanto a dos n\u00e3o negros passou de 10,1% para 12% .<\/p>\n<p>Mesmo assim, os negros ampliaram a sua participa\u00e7\u00e3o no mercado de trabalho dos 39 munic\u00edpios da Regi\u00e3o Metropolitana de S\u00e3o Paulo (RMSP), no ano passado, atingindo 40% do total de ocupados ante 37,9% em 2014. J\u00e1 a parcela de desempregados subiu de 42,6% para 46,3%.<\/p>\n<p>Pesquisa por setores<\/p>\n<p>No setor industrial, n\u00e3o houve altera\u00e7\u00e3o proporcional de rendimentos.Os negros continuaram ganhando o equivalente a 70% dos n\u00e3o negros. J\u00e1 em dois outros setores, houve eleva\u00e7\u00e3o: no com\u00e9rcio (de 70,2% para 76,9% ) e, na constru\u00e7\u00e3o (de 76,7% para 79,9%).<\/p>\n<p>Em rela\u00e7\u00e3o \u00e0s chances de contrata\u00e7\u00e3o, os negros conseguiram menor inser\u00e7\u00e3o no segmento de servi\u00e7os com uma participa\u00e7\u00e3o de 56,8% na compara\u00e7\u00e3o com os n\u00e3o negros (58,8%). O mesmo ocorreu no segmento da ind\u00fastria com a ocupa\u00e7\u00e3o de 15,5% ante 16,2% dos n\u00e3o negros e no com\u00e9rcio com 17,2% ante 18,2%. J\u00e1 na constru\u00e7\u00e3o, os negros superam com 9,3% sobre 5,6% dos n\u00e3o negros.<\/p>\n<p>A taxa dos que conseguiram empregos formalizados atingiu 63,4% acima do \u00edndice dos n\u00e3o negros (62,3%). A desvantagem, no entanto, continua em postos do setor p\u00fablico, onde os negros t\u00eam uma participa\u00e7\u00e3o de 6,6% e os n\u00e3o negros de 9,0%. Tamb\u00e9m existem diferen\u00e7as nas ocupa\u00e7\u00f5es de vagas em que os rendimentos costumam ser menores. Neste postos, os negros est\u00e3o mais presentes (8,7%) ante 4,7% dos n\u00e3o negros.<\/p>\n<p>Do total de 40% dos postos ocupados pelos negros, no ano passado, 18,4% eram mulheres e 21,6% homens.<\/p>\n<p>Marli Moreira &#8211; Rep\u00f3rter da Ag\u00eancia Brasil<br \/>\nEdi\u00e7\u00e3o: Kleber Sampaio<br \/>\n18\/11\/2016<\/p>\n","protected":false},"excerpt":{"rendered":"<p>Embora ainda tenham desvantagens na disputa por vagas no mercado de trabalho, os negros passaram a ter rendimentos mais pr\u00f3ximos dos n\u00e3o negros no ano passado, em compara\u00e7\u00e3o com 2014. Mas isso ocorreu porque foi maior a queda dos ganhos dos n\u00e3o negros que passaram a receber valores 8% menores do que no ano anterior, [&hellip;]<\/p>\n","protected":false},"author":2,"featured_media":57584,"comment_status":"open","ping_status":"closed","sticky":false,"template":"","format":"standard","meta":{"_genesis_hide_title":false,"_genesis_hide_breadcrumbs":false,"_genesis_hide_singular_image":false,"_genesis_hide_footer_widgets":false,"_genesis_custom_body_class":"","_genesis_custom_post_class":"","_genesis_layout":"","_jetpack_memberships_contains_paid_content":false,"footnotes":""},"categories":[22,7],"tags":[],"class_list":{"0":"post-99985","1":"post","2":"type-post","3":"status-publish","4":"format-standard","5":"has-post-thumbnail","7":"category-brasil","8":"category-economia","9":"entry","10":"gs-1","11":"gs-odd","12":"gs-even","13":"gs-featured-content-entry"},"jetpack_featured_media_url":"https:\/\/www.redenoticia.com.br\/noticia\/imagens\/economia-grafica-analise-inflacao.jpg","jetpack_sharing_enabled":true,"jetpack_likes_enabled":true,"_links":{"self":[{"href":"https:\/\/www.redenoticia.com.br\/noticia\/wp-json\/wp\/v2\/posts\/99985","targetHints":{"allow":["GET"]}}],"collection":[{"href":"https:\/\/www.redenoticia.com.br\/noticia\/wp-json\/wp\/v2\/posts"}],"about":[{"href":"https:\/\/www.redenoticia.com.br\/noticia\/wp-json\/wp\/v2\/types\/post"}],"author":[{"embeddable":true,"href":"https:\/\/www.redenoticia.com.br\/noticia\/wp-json\/wp\/v2\/users\/2"}],"replies":[{"embeddable":true,"href":"https:\/\/www.redenoticia.com.br\/noticia\/wp-json\/wp\/v2\/comments?post=99985"}],"version-history":[{"count":0,"href":"https:\/\/www.redenoticia.com.br\/noticia\/wp-json\/wp\/v2\/posts\/99985\/revisions"}],"wp:featuredmedia":[{"embeddable":true,"href":"https:\/\/www.redenoticia.com.br\/noticia\/wp-json\/wp\/v2\/media\/57584"}],"wp:attachment":[{"href":"https:\/\/www.redenoticia.com.br\/noticia\/wp-json\/wp\/v2\/media?parent=99985"}],"wp:term":[{"taxonomy":"category","embeddable":true,"href":"https:\/\/www.redenoticia.com.br\/noticia\/wp-json\/wp\/v2\/categories?post=99985"},{"taxonomy":"post_tag","embeddable":true,"href":"https:\/\/www.redenoticia.com.br\/noticia\/wp-json\/wp\/v2\/tags?post=99985"}],"curies":[{"name":"wp","href":"https:\/\/api.w.org\/{rel}","templated":true}]}}