{"id":99981,"date":"2016-11-18T06:20:31","date_gmt":"2016-11-18T08:20:31","guid":{"rendered":"http:\/\/www.redenoticia.com.br\/noticia\/?p=99981"},"modified":"2016-11-18T15:37:29","modified_gmt":"2016-11-18T17:37:29","slug":"atividade-economica-cresce-015-em-setembro-e-cai-078-no-3o-trimestre","status":"publish","type":"post","link":"https:\/\/www.redenoticia.com.br\/noticia\/2016\/atividade-economica-cresce-015-em-setembro-e-cai-078-no-3o-trimestre\/99981","title":{"rendered":"Atividade econ\u00f4mica cresce 0,15% em setembro e cai 0,78% no 3\u00ba trimestre"},"content":{"rendered":"<p> Depois de dois meses seguidos de queda, a <strong><em>atividade econ\u00f4mica<\/em><\/strong> registrou crescimento em setembro de 0,15%, na compara\u00e7\u00e3o com agosto. \u00c9 o que mostra o \u00cdndice de Atividade Econ\u00f4mica do Banco Central (IBC-Br) dessazonalizado (ajustado para o per\u00edodo). Em agosto, o \u00edndice caiu 1,01% e, em julho, 0,18%.<\/p>\n<p> Nos tr\u00eas meses, houve queda de 0,78%, na compara\u00e7\u00e3o com o segundo trimestre deste ano. Em rela\u00e7\u00e3o ao terceiro trimestre de 2015, a retra\u00e7\u00e3o chegou a 3,84%, segundo os dados sem ajustes, j\u00e1 que a compara\u00e7\u00e3o \u00e9 feita entre per\u00edodos iguais.<\/p>\n<p>No ano, o IBC-Br registra queda de 4,83% e, em 12 meses encerrados em setembro, retra\u00e7\u00e3o de 5,23%.<\/p>\n<p>Taxa Selic<\/p>\n<p>O IBC-Br \u00e9 uma forma de avaliar a evolu\u00e7\u00e3o da atividade econ\u00f4mica brasileira e ajuda o Banco Central a tomar suas decis\u00f5es sobre a taxa b\u00e1sica de juros, a Selic.<\/p>\n<p>O \u00edndice incorpora informa\u00e7\u00f5es sobre o n\u00edvel de atividade dos tr\u00eas setores da economia: ind\u00fastria, com\u00e9rcio e servi\u00e7os e agropecu\u00e1ria, al\u00e9m do volume de impostos. Mas o indicador oficial sobre o desempenho da economia \u00e9 o Produto Interno Bruto (PIB \u2013 a soma de todas as riquezas produzidas pelo pa\u00eds), calculado pelo Instituto Brasileiro de Geografia e Estat\u00edstica (IBGE).<\/p>\n<p>Kelly Oliveira &#8211; Rep\u00f3rter da Ag\u00eancia Brasil<br \/>\nEdi\u00e7\u00e3o: Kleber Sampaio<br \/>\n18\/11\/2016<\/p>\n","protected":false},"excerpt":{"rendered":"<p>Depois de dois meses seguidos de queda, a atividade econ\u00f4mica registrou crescimento em setembro de 0,15%, na compara\u00e7\u00e3o com agosto. \u00c9 o que mostra o \u00cdndice de Atividade Econ\u00f4mica do Banco Central (IBC-Br) dessazonalizado (ajustado para o per\u00edodo). Em agosto, o \u00edndice caiu 1,01% e, em julho, 0,18%. Nos tr\u00eas meses, houve queda de 0,78%, [&hellip;]<\/p>\n","protected":false},"author":2,"featured_media":57585,"comment_status":"open","ping_status":"closed","sticky":false,"template":"","format":"standard","meta":{"_genesis_hide_title":false,"_genesis_hide_breadcrumbs":false,"_genesis_hide_singular_image":false,"_genesis_hide_footer_widgets":false,"_genesis_custom_body_class":"","_genesis_custom_post_class":"","_genesis_layout":"","_jetpack_memberships_contains_paid_content":false,"footnotes":""},"categories":[22,7],"tags":[],"class_list":{"0":"post-99981","1":"post","2":"type-post","3":"status-publish","4":"format-standard","5":"has-post-thumbnail","7":"category-brasil","8":"category-economia","9":"entry","10":"gs-1","11":"gs-odd","12":"gs-even","13":"gs-featured-content-entry"},"jetpack_featured_media_url":"https:\/\/www.redenoticia.com.br\/noticia\/imagens\/analise-economia.jpg","jetpack_sharing_enabled":true,"jetpack_likes_enabled":true,"_links":{"self":[{"href":"https:\/\/www.redenoticia.com.br\/noticia\/wp-json\/wp\/v2\/posts\/99981","targetHints":{"allow":["GET"]}}],"collection":[{"href":"https:\/\/www.redenoticia.com.br\/noticia\/wp-json\/wp\/v2\/posts"}],"about":[{"href":"https:\/\/www.redenoticia.com.br\/noticia\/wp-json\/wp\/v2\/types\/post"}],"author":[{"embeddable":true,"href":"https:\/\/www.redenoticia.com.br\/noticia\/wp-json\/wp\/v2\/users\/2"}],"replies":[{"embeddable":true,"href":"https:\/\/www.redenoticia.com.br\/noticia\/wp-json\/wp\/v2\/comments?post=99981"}],"version-history":[{"count":0,"href":"https:\/\/www.redenoticia.com.br\/noticia\/wp-json\/wp\/v2\/posts\/99981\/revisions"}],"wp:featuredmedia":[{"embeddable":true,"href":"https:\/\/www.redenoticia.com.br\/noticia\/wp-json\/wp\/v2\/media\/57585"}],"wp:attachment":[{"href":"https:\/\/www.redenoticia.com.br\/noticia\/wp-json\/wp\/v2\/media?parent=99981"}],"wp:term":[{"taxonomy":"category","embeddable":true,"href":"https:\/\/www.redenoticia.com.br\/noticia\/wp-json\/wp\/v2\/categories?post=99981"},{"taxonomy":"post_tag","embeddable":true,"href":"https:\/\/www.redenoticia.com.br\/noticia\/wp-json\/wp\/v2\/tags?post=99981"}],"curies":[{"name":"wp","href":"https:\/\/api.w.org\/{rel}","templated":true}]}}