{"id":9998,"date":"2009-08-28T16:07:15","date_gmt":"2009-08-28T20:07:15","guid":{"rendered":"http:\/\/www.redenoticia.com.br\/noticia\/?p=9998"},"modified":"2009-08-28T16:07:15","modified_gmt":"2009-08-28T20:07:15","slug":"secretario-da-saude-de-ji-parana-ro-confirma-o-cancelamento-do-desfile","status":"publish","type":"post","link":"https:\/\/www.redenoticia.com.br\/noticia\/2009\/secretario-da-saude-de-ji-parana-ro-confirma-o-cancelamento-do-desfile\/9998","title":{"rendered":"Secret\u00e1rio da Sa\u00fade de Ji-Paran\u00e1 (RO) confirma o cancelamento do desfile"},"content":{"rendered":"<p>Os secret\u00e1rios municipais de Ji-Paran\u00e1,, Jos\u00e9\u00a0Batista da Silva(Sa\u00fade) e Vanderlei Nunes (Educa\u00e7\u00e3o), concederam entrevista coletiva \u00e0 imprensa ji-paranaense para explicar \u00e0 popula\u00e7\u00e3o os motivos que levaram ao cancelamento do desfile dos alunos no dia 7 de Setembro. A entrevista aconteceu hoje, sexta-feira, pela manh\u00e3, no Audit\u00f3rio do Hospital Municipal.<\/p>\n<p>Em comum acordo, a Secretaria Municipal de Sa\u00fade (Semusa), a Secretaria Municipal de Educa\u00e7\u00e3o (Semed) e a Representa\u00e7\u00e3o Estadual de Ensino (REN) resolveram atender aos in\u00fameros pedidos de pais de alunos, por meio das Associa\u00e7\u00f5es de Pais e Professores (APPs), que est\u00e3o preocupados com dissemina\u00e7\u00e3o do v\u00edrus da gripe A (H1N1) entre os estudantes.<\/p>\n<p>O motivo de tanta preocupa\u00e7\u00e3o, segundo Nunes e Batista, se d\u00e1 pela experi\u00eancia vivida durante a realiza\u00e7\u00e3o das finais do Joer, quando v\u00e1rios atletas tiveram que ser examinados por causa de sintomas de virose e gripe comum.<\/p>\n<p>Outro motivo de preocupa\u00e7\u00e3o \u00e9\u00a0o grande p\u00fablico que se estima chegar a Ji-Paran\u00e1 no per\u00edodo de 5 a 7 de setembro por conta de evento esportivo internacional e festas.<\/p>\n<p>\u201cEstamos tomando esta decis\u00e3o para preven\u00e7\u00e3o, conforme orienta o Protocolo do Minist\u00e9rio da Sa\u00fade. Preferimos n\u00e3o expor nossos alunos \u00e0 aglomera\u00e7\u00e3o de pessoas num per\u00edodo em que Ji-Paran\u00e1 estar\u00e1 recebendo p\u00fablico de outras cidades, estados e at\u00e9 de outros pa\u00edses\u201d, explicou Jos\u00e9 Batista<\/p>\n<p>O secret\u00e1rio de Sa\u00fade lembrou que mesmo o Hospital Municipal (HM) tem sofrido mudan\u00e7as em sua rotina de visitas em algumas alas para prevenir ao m\u00e1ximo que o v\u00edrus da nova gripe se torne um problema no munic\u00edpio.<\/p>\n","protected":false},"excerpt":{"rendered":"<p>Os secret\u00e1rios municipais de Ji-Paran\u00e1,, Jos\u00e9\u00a0Batista da Silva(Sa\u00fade) e Vanderlei Nunes (Educa\u00e7\u00e3o), concederam entrevista coletiva \u00e0 imprensa ji-paranaense para explicar \u00e0 popula\u00e7\u00e3o os motivos que levaram ao cancelamento do desfile dos alunos no dia 7 de Setembro. A entrevista aconteceu hoje, sexta-feira, pela manh\u00e3, no Audit\u00f3rio do Hospital Municipal. Em comum acordo, a Secretaria Municipal [&hellip;]<\/p>\n","protected":false},"author":2,"featured_media":0,"comment_status":"open","ping_status":"open","sticky":false,"template":"","format":"standard","meta":{"_genesis_hide_title":false,"_genesis_hide_breadcrumbs":false,"_genesis_hide_singular_image":false,"_genesis_hide_footer_widgets":false,"_genesis_custom_body_class":"","_genesis_custom_post_class":"","_genesis_layout":"","_jetpack_memberships_contains_paid_content":false,"footnotes":""},"categories":[5],"tags":[],"class_list":{"0":"post-9998","1":"post","2":"type-post","3":"status-publish","4":"format-standard","6":"category-saude-e-vida","7":"entry","8":"gs-1","9":"gs-odd","10":"gs-even","11":"gs-featured-content-entry"},"jetpack_featured_media_url":"","jetpack_sharing_enabled":true,"jetpack_likes_enabled":true,"_links":{"self":[{"href":"https:\/\/www.redenoticia.com.br\/noticia\/wp-json\/wp\/v2\/posts\/9998","targetHints":{"allow":["GET"]}}],"collection":[{"href":"https:\/\/www.redenoticia.com.br\/noticia\/wp-json\/wp\/v2\/posts"}],"about":[{"href":"https:\/\/www.redenoticia.com.br\/noticia\/wp-json\/wp\/v2\/types\/post"}],"author":[{"embeddable":true,"href":"https:\/\/www.redenoticia.com.br\/noticia\/wp-json\/wp\/v2\/users\/2"}],"replies":[{"embeddable":true,"href":"https:\/\/www.redenoticia.com.br\/noticia\/wp-json\/wp\/v2\/comments?post=9998"}],"version-history":[{"count":0,"href":"https:\/\/www.redenoticia.com.br\/noticia\/wp-json\/wp\/v2\/posts\/9998\/revisions"}],"wp:attachment":[{"href":"https:\/\/www.redenoticia.com.br\/noticia\/wp-json\/wp\/v2\/media?parent=9998"}],"wp:term":[{"taxonomy":"category","embeddable":true,"href":"https:\/\/www.redenoticia.com.br\/noticia\/wp-json\/wp\/v2\/categories?post=9998"},{"taxonomy":"post_tag","embeddable":true,"href":"https:\/\/www.redenoticia.com.br\/noticia\/wp-json\/wp\/v2\/tags?post=9998"}],"curies":[{"name":"wp","href":"https:\/\/api.w.org\/{rel}","templated":true}]}}