{"id":99872,"date":"2016-11-17T06:54:35","date_gmt":"2016-11-17T08:54:35","guid":{"rendered":"http:\/\/www.redenoticia.com.br\/noticia\/?p=99872"},"modified":"2016-11-16T19:55:37","modified_gmt":"2016-11-16T21:55:37","slug":"inflacao-medida-pelo-ipc-s-tem-queda-na-segunda-semana-de-novembro","status":"publish","type":"post","link":"https:\/\/www.redenoticia.com.br\/noticia\/2016\/inflacao-medida-pelo-ipc-s-tem-queda-na-segunda-semana-de-novembro\/99872","title":{"rendered":"Infla\u00e7\u00e3o medida pelo IPC-S tem queda na segunda semana de novembro"},"content":{"rendered":"<p> A <strong><em>infla\u00e7\u00e3o<\/em><\/strong> medida pelo \u00cdndice de Pre\u00e7os ao Consumidor Semanal (IPC-S) teve queda e ficou em 0,35% na semana de 15 de novembro. O resultado divulgado pela Funda\u00e7\u00e3o Getulio Vargas (FGV) indicou que houve redu\u00e7\u00e3o de 0,04 ponto percentual em rela\u00e7\u00e3o ao 0,39% registrado na semana anterior.<\/p>\n<p> Houve redu\u00e7\u00e3o da velocidade do aumento de pre\u00e7os em quatro das oito categorias que comp\u00f5e o \u00edndice. Habita\u00e7\u00e3o teve a maior queda, de 0,41% na semana anterior para 0,32% nesta. A diminui\u00e7\u00e3o nessa classe foi impulsionada pelo item taxa de \u00e1gua e esgoto residencial, que caiu de 1,30% para 0,83%.<\/p>\n<p>Os gastos com transportes tiveram queda na infla\u00e7\u00e3o medida pelo ICP-S de 0,85% para 0,71%, influenciados pelo pre\u00e7o da gasolina que teve redu\u00e7\u00e3o de 1,92% para 1,50%. A diminui\u00e7\u00e3o de 1,41% para 0,35% do item pacotes de telefonia fixa e internet foi um dos fatores que levou \u00e0 queda na categoria comunica\u00e7\u00e3o, de 0,85% para 0,56%.<\/p>\n<p>A classe da alimenta\u00e7\u00e3o teve diminui\u00e7\u00e3o no \u00edndice de 0,06% para 0,03%, com destaque para o comportamento dos pre\u00e7os das carnes bovinas, que sa\u00edram de 2,88% para 2,07%. No m\u00eas, o feij\u00e3o carioca acumula queda de -13,36% e o leite longa vida de -11,62%.<\/p>\n<p>O grupo sa\u00fade e cuidados pessoais teve alta de 0,49% para 0,58%, puxado pelo aumento do item higiene e cuidado pessoal, de 0,28% para 0,69%. Educa\u00e7\u00e3o, leitura e recrea\u00e7\u00e3o subiu de 0,27% para 0,33%, sob influ\u00eancia da alta de -0,08% para 1,20% dos gastos com shows musicais. Roupas, com eleva\u00e7\u00e3o de 0,14% para 0,51%, e cigarros (-0,55% para -0,24%) influenciaram o aumento da categoria despesas diversas de 0,05% para 0,17%.<\/p>\n<p>Daniel Mello &#8211; Rep\u00f3rter da Ag\u00eancia Brasil<br \/>\nEdi\u00e7\u00e3o: Gra\u00e7a Adjuto<br \/>\n17\/11\/2016<\/p>\n","protected":false},"excerpt":{"rendered":"<p>A infla\u00e7\u00e3o medida pelo \u00cdndice de Pre\u00e7os ao Consumidor Semanal (IPC-S) teve queda e ficou em 0,35% na semana de 15 de novembro. O resultado divulgado pela Funda\u00e7\u00e3o Getulio Vargas (FGV) indicou que houve redu\u00e7\u00e3o de 0,04 ponto percentual em rela\u00e7\u00e3o ao 0,39% registrado na semana anterior. Houve redu\u00e7\u00e3o da velocidade do aumento de pre\u00e7os [&hellip;]<\/p>\n","protected":false},"author":2,"featured_media":57584,"comment_status":"open","ping_status":"closed","sticky":false,"template":"","format":"standard","meta":{"_genesis_hide_title":false,"_genesis_hide_breadcrumbs":false,"_genesis_hide_singular_image":false,"_genesis_hide_footer_widgets":false,"_genesis_custom_body_class":"","_genesis_custom_post_class":"","_genesis_layout":"","_jetpack_memberships_contains_paid_content":false,"footnotes":""},"categories":[22,7],"tags":[],"class_list":{"0":"post-99872","1":"post","2":"type-post","3":"status-publish","4":"format-standard","5":"has-post-thumbnail","7":"category-brasil","8":"category-economia","9":"entry","10":"gs-1","11":"gs-odd","12":"gs-even","13":"gs-featured-content-entry"},"jetpack_featured_media_url":"https:\/\/www.redenoticia.com.br\/noticia\/imagens\/economia-grafica-analise-inflacao.jpg","jetpack_sharing_enabled":true,"jetpack_likes_enabled":true,"_links":{"self":[{"href":"https:\/\/www.redenoticia.com.br\/noticia\/wp-json\/wp\/v2\/posts\/99872","targetHints":{"allow":["GET"]}}],"collection":[{"href":"https:\/\/www.redenoticia.com.br\/noticia\/wp-json\/wp\/v2\/posts"}],"about":[{"href":"https:\/\/www.redenoticia.com.br\/noticia\/wp-json\/wp\/v2\/types\/post"}],"author":[{"embeddable":true,"href":"https:\/\/www.redenoticia.com.br\/noticia\/wp-json\/wp\/v2\/users\/2"}],"replies":[{"embeddable":true,"href":"https:\/\/www.redenoticia.com.br\/noticia\/wp-json\/wp\/v2\/comments?post=99872"}],"version-history":[{"count":0,"href":"https:\/\/www.redenoticia.com.br\/noticia\/wp-json\/wp\/v2\/posts\/99872\/revisions"}],"wp:featuredmedia":[{"embeddable":true,"href":"https:\/\/www.redenoticia.com.br\/noticia\/wp-json\/wp\/v2\/media\/57584"}],"wp:attachment":[{"href":"https:\/\/www.redenoticia.com.br\/noticia\/wp-json\/wp\/v2\/media?parent=99872"}],"wp:term":[{"taxonomy":"category","embeddable":true,"href":"https:\/\/www.redenoticia.com.br\/noticia\/wp-json\/wp\/v2\/categories?post=99872"},{"taxonomy":"post_tag","embeddable":true,"href":"https:\/\/www.redenoticia.com.br\/noticia\/wp-json\/wp\/v2\/tags?post=99872"}],"curies":[{"name":"wp","href":"https:\/\/api.w.org\/{rel}","templated":true}]}}