{"id":99864,"date":"2016-11-17T06:30:27","date_gmt":"2016-11-17T08:30:27","guid":{"rendered":"http:\/\/www.redenoticia.com.br\/noticia\/?p=99864"},"modified":"2016-11-16T19:51:02","modified_gmt":"2016-11-16T21:51:02","slug":"black-friday-procon-alerta-para-compras-feitas-pela-internet","status":"publish","type":"post","link":"https:\/\/www.redenoticia.com.br\/noticia\/2016\/black-friday-procon-alerta-para-compras-feitas-pela-internet\/99864","title":{"rendered":"Black Friday: Procon alerta para compras feitas pela Internet"},"content":{"rendered":"<p> As promo\u00e7\u00f5es j\u00e1 est\u00e3o bombando nos sites e portais de compras da Internet por conta da <strong><em>Black Friday<\/em><\/strong>, que acontece na \u00faltima sexta-feira de novembro e, este ano, cai no pr\u00f3ximo dia 25. Comprar pela rede tem muitas vantagens e \u00e9 mais c\u00f4modo, mas \u00e9 preciso se cercar da alguns cuidados. Para n\u00e3o ser pego de surpresa e garantir a entrega do produto adquirido, preste aten\u00e7\u00e3o nas dicas da .<\/p>\n<p>A primeira provid\u00eancia \u00e9 garantir a seguran\u00e7a e a confidencialidade da transa\u00e7\u00e3o eletr\u00f4nica e de seus dados pessoais. Nesse caso, \u00e9 necess\u00e1rio saber a proced\u00eancia e refer\u00eancias sobre o site em que pretende adquirir produtos ou servi\u00e7os. Na p\u00e1gina da Funda\u00e7\u00e3o Procon-SP, voc\u00ea encontra a rela\u00e7\u00e3o de sites que devem ser evitados.<\/p>\n<p>Confira  a lista.<\/p>\n<p>Verifique todas as informa\u00e7\u00f5es sobre o produto ou servi\u00e7o ofertado, caracter\u00edsticas, pre\u00e7os, valor dos fretes, despesas adicionais, prazo de entrega ou execu\u00e7\u00e3o e condi\u00e7\u00f5es de pagamento. Antes de se decidir pela compra, avalie se o custo total compensa a comodidade da contrata\u00e7\u00e3o \u00e0 dist\u00e2ncia. Em caso de d\u00favida, utilize os telefones e endere\u00e7os eletr\u00f4nicos para obter esclarecimentos adicionais sobre o produto ou servi\u00e7o que pretende contratar.<\/p>\n<p>Se optar por um site de compras de fora do pa\u00eds, fique atento \u00e0s taxas de importa\u00e7\u00e3o e se o fornecedor possui um representante no Brasil, o que torna poss\u00edvel utilizar a assist\u00eancia t\u00e9cnica. Lembre-se que a abrang\u00eancia do C\u00f3dido de Defesa do Consumidor \u00e9 nacional e que, assim, n\u00e3o poder\u00e1 ser aplicado nas compras feitas no exterior. Nesse caso, \u00e9 preciso se informar pelo site sobre a pol\u00edtica de trocas e os procedimentos que devem ser adotados em caso de problemas.<\/p>\n<p>Ao confirmar a contrata\u00e7\u00e3o do produto ou do servi\u00e7o, imprima ou salve todos os documentos que comprovem a rela\u00e7\u00e3o, como o n\u00famero da compra, confirma\u00e7\u00e3o do pedido, comprovante de pagamento, contrato ou an\u00fancios. O produto deve vir acompanhado de nota fiscal.<\/p>\n<p>Por fim, anote dados que permitam identificar e localizar a sede do fornecedor, como raz\u00e3o social, CNPJ e endere\u00e7o f\u00edsico. Esses dados s\u00e3o necess\u00e1rios caso o consumidor precise recorrer ao \u00f3rg\u00e3o de defesa do consumidor ou ao Poder Judici\u00e1rio.<\/p>\n<p>Caso necessite da intermedia\u00e7\u00e3o do Procon-SP, utilize o 151, n\u00famero de telefone para reclama\u00e7\u00f5es, o atendimento eletr\u00f4nico (clique ) ou Caixa Postal 152, CEP 01031-970 &#8211; SP (siga  os procedimentos necess\u00e1rios para fazer a reclama\u00e7\u00e3o pelo correio).<\/p>\n<p>#BlackFriday<\/p>\n<p>Do Portal do Governo do Estado SP<\/p>\n","protected":false},"excerpt":{"rendered":"<p>As promo\u00e7\u00f5es j\u00e1 est\u00e3o bombando nos sites e portais de compras da Internet por conta da Black Friday, que acontece na \u00faltima sexta-feira de novembro e, este ano, cai no pr\u00f3ximo dia 25. Comprar pela rede tem muitas vantagens e \u00e9 mais c\u00f4modo, mas \u00e9 preciso se cercar da alguns cuidados. Para n\u00e3o ser pego [&hellip;]<\/p>\n","protected":false},"author":2,"featured_media":57576,"comment_status":"open","ping_status":"closed","sticky":false,"template":"","format":"standard","meta":{"_genesis_hide_title":false,"_genesis_hide_breadcrumbs":false,"_genesis_hide_singular_image":false,"_genesis_hide_footer_widgets":false,"_genesis_custom_body_class":"","_genesis_custom_post_class":"","_genesis_layout":"","_jetpack_memberships_contains_paid_content":false,"footnotes":""},"categories":[22,7],"tags":[],"class_list":{"0":"post-99864","1":"post","2":"type-post","3":"status-publish","4":"format-standard","5":"has-post-thumbnail","7":"category-brasil","8":"category-economia","9":"entry","10":"gs-1","11":"gs-odd","12":"gs-even","13":"gs-featured-content-entry"},"jetpack_featured_media_url":"https:\/\/www.redenoticia.com.br\/noticia\/imagens\/tecnologia1.jpg","jetpack_sharing_enabled":true,"jetpack_likes_enabled":true,"_links":{"self":[{"href":"https:\/\/www.redenoticia.com.br\/noticia\/wp-json\/wp\/v2\/posts\/99864","targetHints":{"allow":["GET"]}}],"collection":[{"href":"https:\/\/www.redenoticia.com.br\/noticia\/wp-json\/wp\/v2\/posts"}],"about":[{"href":"https:\/\/www.redenoticia.com.br\/noticia\/wp-json\/wp\/v2\/types\/post"}],"author":[{"embeddable":true,"href":"https:\/\/www.redenoticia.com.br\/noticia\/wp-json\/wp\/v2\/users\/2"}],"replies":[{"embeddable":true,"href":"https:\/\/www.redenoticia.com.br\/noticia\/wp-json\/wp\/v2\/comments?post=99864"}],"version-history":[{"count":0,"href":"https:\/\/www.redenoticia.com.br\/noticia\/wp-json\/wp\/v2\/posts\/99864\/revisions"}],"wp:featuredmedia":[{"embeddable":true,"href":"https:\/\/www.redenoticia.com.br\/noticia\/wp-json\/wp\/v2\/media\/57576"}],"wp:attachment":[{"href":"https:\/\/www.redenoticia.com.br\/noticia\/wp-json\/wp\/v2\/media?parent=99864"}],"wp:term":[{"taxonomy":"category","embeddable":true,"href":"https:\/\/www.redenoticia.com.br\/noticia\/wp-json\/wp\/v2\/categories?post=99864"},{"taxonomy":"post_tag","embeddable":true,"href":"https:\/\/www.redenoticia.com.br\/noticia\/wp-json\/wp\/v2\/tags?post=99864"}],"curies":[{"name":"wp","href":"https:\/\/api.w.org\/{rel}","templated":true}]}}