{"id":99702,"date":"2016-11-16T06:31:35","date_gmt":"2016-11-16T08:31:35","guid":{"rendered":"http:\/\/www.redenoticia.com.br\/noticia\/?p=99702"},"modified":"2016-11-14T18:32:37","modified_gmt":"2016-11-14T20:32:37","slug":"mercado-financeiro-espera-que-2016-feche-com-inflacao-em-684","status":"publish","type":"post","link":"https:\/\/www.redenoticia.com.br\/noticia\/2016\/mercado-financeiro-espera-que-2016-feche-com-inflacao-em-684\/99702","title":{"rendered":"Mercado financeiro espera que 2016 feche com infla\u00e7\u00e3o em 6,84%"},"content":{"rendered":"<p> Institui\u00e7\u00f5es financeiras consultadas pelo Banco Central (BC) reduziram levemente as proje\u00e7\u00f5es para a <strong><em>infla\u00e7\u00e3o<\/em><\/strong> e pioraram as expectativas para a economia. De acordo com a pesquisa Focus, divulgada \u00e0s segundas-feiras pelo BC, a proje\u00e7\u00e3o para a infla\u00e7\u00e3o para este ano, medida pelo \u00cdndice Nacional de Pre\u00e7os ao Consumidor Amplo (IPCA), caiu de 6,88% para 6,84%. Para 2017, a estimativa passou de 4,94% para 4,93%.<\/p>\n<p>A proje\u00e7\u00e3o para 2017 est\u00e1 cada vez mais pr\u00f3xima do centro da meta de infla\u00e7\u00e3o (4,5%) que deve ser perseguida pelo BC. O limite m\u00e1ximo da meta no pr\u00f3ximo ano \u00e9 6%. Para este ano, a estimativa fica longe do centro da meta (4,5%) e ultrapassa o teto (6,5%).<\/p>\n<p>Economia<\/p>\n<p>A proje\u00e7\u00e3o de institui\u00e7\u00f5es financeiras para a queda da economia (Produto Interno Bruto \u2013 PIB \u2013 a soma das riquezas produzidas pelo pa\u00eds) este ano passou pela sexta piora seguida, ao ser ajustada de 3,31% para 3,37%.<\/p>\n<p>Para 2017, a expectativa de crescimento foi reduzida pela quarta vez seguida, ao passar de 1,20% para 1,13%.<br \/>\nCom a expectativa de retra\u00e7\u00e3o da economia e infla\u00e7\u00e3o menor, as institui\u00e7\u00f5es financeiras esperam que a taxa b\u00e1sica de juros, a Selic, encerre 2016 em 13,75% ao ano. A estimativa anterior era 13,50% ao ano. Atualmente, a Selic est\u00e1 em 14% ao ano.<\/p>\n<p>Para as institui\u00e7\u00f5es financeiras, ao final de 2017 a Selic estar\u00e1 em 10,75% ao ano, expecativa mantida nesse patamar h\u00e1 duas semanas seguidas. A taxa \u00e9 usada nas negocia\u00e7\u00f5es de t\u00edtulos p\u00fablicos no Sistema Especial de Liquida\u00e7\u00e3o e Cust\u00f3dia (Selic) e serve como refer\u00eancia para as demais taxas de juros da economia.<\/p>\n<p>Ao reajust\u00e1-la para cima, o BC cont\u00e9m o excesso de demanda que pressiona os pre\u00e7os, porque os juros mais altos encarecem o cr\u00e9dito e estimulam a poupan\u00e7a. Quando reduz os juros b\u00e1sicos, o Copom barateia o cr\u00e9dito e incentiva a produ\u00e7\u00e3o e o consumo, mas alivia o controle sobre a infla\u00e7\u00e3o.<\/p>\n<p>D\u00f3lar<\/p>\n<p>A proje\u00e7\u00e3o do mercado financeiro para o d\u00f3lar ao final deste ano subiu de R$ 3,20 para R$ 3,22. Para o fim de 2017, a estimativa passou de R$ 3,39 para R$ 3,40. Ap\u00f3s a elei\u00e7\u00e3o de Donald Trump para presid\u00eancia dos Estados Unidos, na \u00faltima semana, o d\u00f3lar tem subido e a bolsa de valores est\u00e1 em queda.<\/p>\n<p>Kelly Oliveira \u2013 Rep\u00f3rter da Ag\u00eancia Brasil<br \/>\nEdi\u00e7\u00e3o: Kleber Sampaio<br \/>\n16\/11\/2016<\/p>\n","protected":false},"excerpt":{"rendered":"<p>Institui\u00e7\u00f5es financeiras consultadas pelo Banco Central (BC) reduziram levemente as proje\u00e7\u00f5es para a infla\u00e7\u00e3o e pioraram as expectativas para a economia. De acordo com a pesquisa Focus, divulgada \u00e0s segundas-feiras pelo BC, a proje\u00e7\u00e3o para a infla\u00e7\u00e3o para este ano, medida pelo \u00cdndice Nacional de Pre\u00e7os ao Consumidor Amplo (IPCA), caiu de 6,88% para 6,84%. [&hellip;]<\/p>\n","protected":false},"author":2,"featured_media":57583,"comment_status":"open","ping_status":"closed","sticky":false,"template":"","format":"standard","meta":{"_genesis_hide_title":false,"_genesis_hide_breadcrumbs":false,"_genesis_hide_singular_image":false,"_genesis_hide_footer_widgets":false,"_genesis_custom_body_class":"","_genesis_custom_post_class":"","_genesis_layout":"","_jetpack_memberships_contains_paid_content":false,"footnotes":""},"categories":[22,7],"tags":[],"class_list":{"0":"post-99702","1":"post","2":"type-post","3":"status-publish","4":"format-standard","5":"has-post-thumbnail","7":"category-brasil","8":"category-economia","9":"entry","10":"gs-1","11":"gs-odd","12":"gs-even","13":"gs-featured-content-entry"},"jetpack_featured_media_url":"https:\/\/www.redenoticia.com.br\/noticia\/imagens\/economia-grafico.jpg","jetpack_sharing_enabled":true,"jetpack_likes_enabled":true,"_links":{"self":[{"href":"https:\/\/www.redenoticia.com.br\/noticia\/wp-json\/wp\/v2\/posts\/99702","targetHints":{"allow":["GET"]}}],"collection":[{"href":"https:\/\/www.redenoticia.com.br\/noticia\/wp-json\/wp\/v2\/posts"}],"about":[{"href":"https:\/\/www.redenoticia.com.br\/noticia\/wp-json\/wp\/v2\/types\/post"}],"author":[{"embeddable":true,"href":"https:\/\/www.redenoticia.com.br\/noticia\/wp-json\/wp\/v2\/users\/2"}],"replies":[{"embeddable":true,"href":"https:\/\/www.redenoticia.com.br\/noticia\/wp-json\/wp\/v2\/comments?post=99702"}],"version-history":[{"count":0,"href":"https:\/\/www.redenoticia.com.br\/noticia\/wp-json\/wp\/v2\/posts\/99702\/revisions"}],"wp:featuredmedia":[{"embeddable":true,"href":"https:\/\/www.redenoticia.com.br\/noticia\/wp-json\/wp\/v2\/media\/57583"}],"wp:attachment":[{"href":"https:\/\/www.redenoticia.com.br\/noticia\/wp-json\/wp\/v2\/media?parent=99702"}],"wp:term":[{"taxonomy":"category","embeddable":true,"href":"https:\/\/www.redenoticia.com.br\/noticia\/wp-json\/wp\/v2\/categories?post=99702"},{"taxonomy":"post_tag","embeddable":true,"href":"https:\/\/www.redenoticia.com.br\/noticia\/wp-json\/wp\/v2\/tags?post=99702"}],"curies":[{"name":"wp","href":"https:\/\/api.w.org\/{rel}","templated":true}]}}