{"id":99700,"date":"2016-11-16T06:30:28","date_gmt":"2016-11-16T08:30:28","guid":{"rendered":"http:\/\/www.redenoticia.com.br\/noticia\/?p=99700"},"modified":"2016-11-14T18:31:33","modified_gmt":"2016-11-14T20:31:33","slug":"governo-divulga-regras-para-parcelamento-de-dividas-de-microempresas","status":"publish","type":"post","link":"https:\/\/www.redenoticia.com.br\/noticia\/2016\/governo-divulga-regras-para-parcelamento-de-dividas-de-microempresas\/99700","title":{"rendered":"Governo divulga regras para parcelamento de d\u00edvidas de microempresas"},"content":{"rendered":"<p> O Di\u00e1rio Oficial da Uni\u00e3o publicou instru\u00e7\u00e3o normativa que estabelece procedimentos preliminares relativos ao <strong><em>parcelamento de d\u00edvidas de microempresas<\/em><\/strong> e empresas de pequeno porte. As mudan\u00e7as est\u00e3o previstas na Lei Complementar n\u00ba 155 de 2016, sancionada no dia 27 de outubro pelo presidente Michel Temer. A nova vers\u00e3o da lei ampliou de 60 para 120 presta\u00e7\u00f5es o prazo para pagamento das d\u00edvidas tribut\u00e1rias.<\/p>\n<p>Pelo texto da instru\u00e7\u00e3o normativa, o contribuinte com d\u00e9bitos apurados na forma prevista no Simples Nacional at\u00e9 a compet\u00eancia do m\u00eas de maio de 2016 &#8211; nos termos da nova vers\u00e3o da lei &#8211; poder\u00e1 manifestar previamente a op\u00e7\u00e3o pelo parcelamento, no per\u00edodo de 14 de novembro de 2016 a 11 de dezembro de 2016, por meio do formul\u00e1rio eletr\u00f4nico &#8220;Op\u00e7\u00e3o Pr\u00e9via ao Parcelamento da LC 155\/2016&#8221; , dispon\u00edvel na p\u00e1gina da Receita Federal na Internet.<\/p>\n<p>Exclus\u00e3o pode ser evitada<\/p>\n<p>Por meio de nota explicativa, a Receita Federal informou que \u201ca op\u00e7\u00e3o pr\u00e9via tem somente o efeito de evitar a exclus\u00e3o do contribuinte em virtude de d\u00e9bitos apurados na forma do Simples Nacional at\u00e9 a compet\u00eancia de maio de 2016, e n\u00e3o dispensa de efetuar o pedido definitivo do parcelamento a partir de 12 de dezembro de 2016, com vistas ao processo de consolida\u00e7\u00e3o dos d\u00e9bitos e pagamento da primeira parcela, conforme regulamenta\u00e7\u00e3o a ser editada pelo Comit\u00ea Gestor do Simples Nacional\u201d.<\/p>\n<p>A Receita lembra que, em setembro de 2016, enviou notifica\u00e7\u00e3o para 584.677 contribuintes devedores do Simples Nacional, que respondem por d\u00edvidas de R$ 21,3 bilh\u00f5es, e que agora podem se regularizar fazendo a op\u00e7\u00e3o pr\u00e9via e, posteriormente, aderindo ao parcelamento do Simples Nacional. O contribuinte que quer saber se recebeu a notifica\u00e7\u00e3o para exclus\u00e3o do Simples Nacional e precisa fazer a op\u00e7\u00e3o pr\u00e9via deve acessar a p\u00e1gina do Simples Naciona.<\/p>\n<p>Criado em 2006, o Supersimples tem o objetivo de desburocratizar e facilitar o recolhimento de tributos pelos micro e pequenos empres\u00e1rios<\/p>\n<p> Daniel Lima &#8211; Rep\u00f3rter da Ag\u00eancia Brasil<br \/>\nEdi\u00e7\u00e3o: Kleber Sampaio<br \/>\n16\/11\/2016<\/p>\n","protected":false},"excerpt":{"rendered":"<p>O Di\u00e1rio Oficial da Uni\u00e3o publicou instru\u00e7\u00e3o normativa que estabelece procedimentos preliminares relativos ao parcelamento de d\u00edvidas de microempresas e empresas de pequeno porte. As mudan\u00e7as est\u00e3o previstas na Lei Complementar n\u00ba 155 de 2016, sancionada no dia 27 de outubro pelo presidente Michel Temer. A nova vers\u00e3o da lei ampliou de 60 para 120 [&hellip;]<\/p>\n","protected":false},"author":2,"featured_media":57584,"comment_status":"open","ping_status":"closed","sticky":false,"template":"","format":"standard","meta":{"_genesis_hide_title":false,"_genesis_hide_breadcrumbs":false,"_genesis_hide_singular_image":false,"_genesis_hide_footer_widgets":false,"_genesis_custom_body_class":"","_genesis_custom_post_class":"","_genesis_layout":"","_jetpack_memberships_contains_paid_content":false,"footnotes":""},"categories":[22,7],"tags":[],"class_list":{"0":"post-99700","1":"post","2":"type-post","3":"status-publish","4":"format-standard","5":"has-post-thumbnail","7":"category-brasil","8":"category-economia","9":"entry","10":"gs-1","11":"gs-odd","12":"gs-even","13":"gs-featured-content-entry"},"jetpack_featured_media_url":"https:\/\/www.redenoticia.com.br\/noticia\/imagens\/economia-grafica-analise-inflacao.jpg","jetpack_sharing_enabled":true,"jetpack_likes_enabled":true,"_links":{"self":[{"href":"https:\/\/www.redenoticia.com.br\/noticia\/wp-json\/wp\/v2\/posts\/99700","targetHints":{"allow":["GET"]}}],"collection":[{"href":"https:\/\/www.redenoticia.com.br\/noticia\/wp-json\/wp\/v2\/posts"}],"about":[{"href":"https:\/\/www.redenoticia.com.br\/noticia\/wp-json\/wp\/v2\/types\/post"}],"author":[{"embeddable":true,"href":"https:\/\/www.redenoticia.com.br\/noticia\/wp-json\/wp\/v2\/users\/2"}],"replies":[{"embeddable":true,"href":"https:\/\/www.redenoticia.com.br\/noticia\/wp-json\/wp\/v2\/comments?post=99700"}],"version-history":[{"count":0,"href":"https:\/\/www.redenoticia.com.br\/noticia\/wp-json\/wp\/v2\/posts\/99700\/revisions"}],"wp:featuredmedia":[{"embeddable":true,"href":"https:\/\/www.redenoticia.com.br\/noticia\/wp-json\/wp\/v2\/media\/57584"}],"wp:attachment":[{"href":"https:\/\/www.redenoticia.com.br\/noticia\/wp-json\/wp\/v2\/media?parent=99700"}],"wp:term":[{"taxonomy":"category","embeddable":true,"href":"https:\/\/www.redenoticia.com.br\/noticia\/wp-json\/wp\/v2\/categories?post=99700"},{"taxonomy":"post_tag","embeddable":true,"href":"https:\/\/www.redenoticia.com.br\/noticia\/wp-json\/wp\/v2\/tags?post=99700"}],"curies":[{"name":"wp","href":"https:\/\/api.w.org\/{rel}","templated":true}]}}