{"id":99692,"date":"2016-11-16T06:26:37","date_gmt":"2016-11-16T08:26:37","guid":{"rendered":"http:\/\/www.redenoticia.com.br\/noticia\/?p=99692"},"modified":"2016-11-14T18:27:38","modified_gmt":"2016-11-14T20:27:38","slug":"procon-sp-orienta-a-como-comprar-eletrodomesticos","status":"publish","type":"post","link":"https:\/\/www.redenoticia.com.br\/noticia\/2016\/procon-sp-orienta-a-como-comprar-eletrodomesticos\/99692","title":{"rendered":"Procon-SP orienta a como comprar eletrodom\u00e9sticos"},"content":{"rendered":"<p> Confira os cuidados recomendados pela  quando for comprar um <strong><em>eletrodom\u00e9stico<\/em><\/strong>:<\/p>\n<p>Ao escolher o aparelho, o consumidor deve observar as dimens\u00f5es do eletrodom\u00e9stico (altura, largura, profundidade etc.) e sua voltagem. Essas caracter\u00edsticas devem ser compat\u00edveis com o espa\u00e7o dispon\u00edvel para a instala\u00e7\u00e3o e com a rede el\u00e9trica do local.<\/p>\n<p>Verifique se as fun\u00e7\u00f5es e \u00a0qualidades oferecidas pelo fabricante atendem as suas expectativas e necessidades.<\/p>\n<p>D\u00ea prefer\u00eancia aos produtos que economizem energia. Confira a etiqueta do Programa Brasileiro de Etiquetagem (PBE), que traz informa\u00e7\u00f5es sobre o desempenho do produto, segundo a classifica\u00e7\u00e3o que vai de &#8220;A&#8221; (mais eficiente) a &#8220;E&#8221; (menos eficiente), dependendo do produto.<\/p>\n<p>Guarde a nota ou cumpom fiscal, o termo de garantia e o manual de instru\u00e7\u00f5es. Voc\u00ea pode precisar deles em caso de problemas ou d\u00favidas sobre o funcionamento do produto.<\/p>\n<p>Clique  se precisar recorrer \u00e0 Funda\u00e7\u00e3o Procon-SP. O atendimento tamb\u00e9m se d\u00e1 pelo Correio (Caixa Postal 151, Cep.: 01031-970, SP); ou Telefone 151 (de segunda \u00e0 sesta-feira, das 8h \u00e0s 17h).<\/p>\n<p>Do Portal do Governo do Estado SP<\/p>\n","protected":false},"excerpt":{"rendered":"<p>Confira os cuidados recomendados pela quando for comprar um eletrodom\u00e9stico: Ao escolher o aparelho, o consumidor deve observar as dimens\u00f5es do eletrodom\u00e9stico (altura, largura, profundidade etc.) e sua voltagem. Essas caracter\u00edsticas devem ser compat\u00edveis com o espa\u00e7o dispon\u00edvel para a instala\u00e7\u00e3o e com a rede el\u00e9trica do local. Verifique se as fun\u00e7\u00f5es e \u00a0qualidades oferecidas [&hellip;]<\/p>\n","protected":false},"author":2,"featured_media":35203,"comment_status":"open","ping_status":"closed","sticky":false,"template":"","format":"standard","meta":{"_genesis_hide_title":false,"_genesis_hide_breadcrumbs":false,"_genesis_hide_singular_image":false,"_genesis_hide_footer_widgets":false,"_genesis_custom_body_class":"","_genesis_custom_post_class":"","_genesis_layout":"","_jetpack_memberships_contains_paid_content":false,"footnotes":""},"categories":[22,7],"tags":[],"class_list":{"0":"post-99692","1":"post","2":"type-post","3":"status-publish","4":"format-standard","5":"has-post-thumbnail","7":"category-brasil","8":"category-economia","9":"entry","10":"gs-1","11":"gs-odd","12":"gs-even","13":"gs-featured-content-entry"},"jetpack_featured_media_url":"https:\/\/www.redenoticia.com.br\/noticia\/imagens\/cartao-credito.jpg","jetpack_sharing_enabled":true,"jetpack_likes_enabled":true,"_links":{"self":[{"href":"https:\/\/www.redenoticia.com.br\/noticia\/wp-json\/wp\/v2\/posts\/99692","targetHints":{"allow":["GET"]}}],"collection":[{"href":"https:\/\/www.redenoticia.com.br\/noticia\/wp-json\/wp\/v2\/posts"}],"about":[{"href":"https:\/\/www.redenoticia.com.br\/noticia\/wp-json\/wp\/v2\/types\/post"}],"author":[{"embeddable":true,"href":"https:\/\/www.redenoticia.com.br\/noticia\/wp-json\/wp\/v2\/users\/2"}],"replies":[{"embeddable":true,"href":"https:\/\/www.redenoticia.com.br\/noticia\/wp-json\/wp\/v2\/comments?post=99692"}],"version-history":[{"count":0,"href":"https:\/\/www.redenoticia.com.br\/noticia\/wp-json\/wp\/v2\/posts\/99692\/revisions"}],"wp:featuredmedia":[{"embeddable":true,"href":"https:\/\/www.redenoticia.com.br\/noticia\/wp-json\/wp\/v2\/media\/35203"}],"wp:attachment":[{"href":"https:\/\/www.redenoticia.com.br\/noticia\/wp-json\/wp\/v2\/media?parent=99692"}],"wp:term":[{"taxonomy":"category","embeddable":true,"href":"https:\/\/www.redenoticia.com.br\/noticia\/wp-json\/wp\/v2\/categories?post=99692"},{"taxonomy":"post_tag","embeddable":true,"href":"https:\/\/www.redenoticia.com.br\/noticia\/wp-json\/wp\/v2\/tags?post=99692"}],"curies":[{"name":"wp","href":"https:\/\/api.w.org\/{rel}","templated":true}]}}