{"id":99631,"date":"2016-11-14T19:55:05","date_gmt":"2016-11-14T21:55:05","guid":{"rendered":"http:\/\/www.redenoticia.com.br\/noticia\/?p=99631"},"modified":"2016-11-14T16:28:56","modified_gmt":"2016-11-14T18:28:56","slug":"novela-cumplices-de-um-resgate-resumo-1511-manuela-dedica-a-musica-para-mauricio-e-rebeca","status":"publish","type":"post","link":"https:\/\/www.redenoticia.com.br\/noticia\/2016\/novela-cumplices-de-um-resgate-resumo-1511-manuela-dedica-a-musica-para-mauricio-e-rebeca\/99631","title":{"rendered":"Novela \u201cC\u00famplices de um Resgate\u201d resumo 15\/11: Manuela dedica m\u00fasica para Maur\u00edcio e Rebeca"},"content":{"rendered":"<p><img loading=\"lazy\" decoding=\"async\" class=\"alignleft size-thumbnail wp-image-71351\" src=\"https:\/\/www.redenoticia.com.br\/noticia\/imagens\/cumplices_de_um_resgate_sbt_novela_resumo-150x112.jpg\" alt=\"cumplices_de_um_resgate_sbt_novela_resumo\" width=\"150\" height=\"112\" srcset=\"https:\/\/www.redenoticia.com.br\/noticia\/imagens\/cumplices_de_um_resgate_sbt_novela_resumo-150x112.jpg 150w, https:\/\/www.redenoticia.com.br\/noticia\/imagens\/cumplices_de_um_resgate_sbt_novela_resumo-265x198.jpg 265w\" sizes=\"auto, (max-width: 150px) 100vw, 150px\" \/><strong><em>Novela \u201cC\u00famplices de um Resgate\u201d resumo 15\/11<\/em><\/strong>:\u00a0Omar vai at\u00e9 o apartamento dos Vaz e revela que Priscila, Benjamim e ele foram os respons\u00e1veis por quebrar os instrumentos. Os Vaz prometem n\u00e3o contar nada sobre Omar at\u00e9 o final do show de bandas. Chega o dia da apresenta\u00e7\u00e3o e as pessoas come\u00e7am a se acomodar na plateia do Show de Bandas que acontece em uma emissora de TV. Os conjuntos musicais usam figurino elaborado por Frederico, atrav\u00e9s da On-Enterprise. Isabela v\u00ea Ot\u00e1vio e diz que espera que ele e Rebeca tenham feito \u00e0s pazes. A garota pede para que eles fiquem juntos na plateia para que, quando ela for cantar, consiga se sentir mais segura. Insanos \u00e9 a primeira a se apresentar. Manuela e Seus Amigos se apresentam no concurso. Manuela dedica a m\u00fasica para Maur\u00edcio e Rebeca. <\/p>\n<p>No cap\u00edtulo 337(*), novela \u201cC\u00famplice de um Resgate\u201d, ter\u00e7a-feira, 15 de novembro \u2013 os Vaz prometem n\u00e3o contar nada sobre Omar at\u00e9 o final do show de bandas. Regina chora ap\u00f3s Ot\u00e1vio dizer que quer que ela fique longe dele e de Rebeca. Meire est\u00e1 preocupada com a falta de dinheiro para pagar as contas. A s\u00edndica decide montar um sal\u00e3o de beleza para arrecadar dinheiro. Rebeca chora na pra\u00e7a do vilarejo.<\/p>\n<p>Maur\u00edcio aparece e tenta consolar Rebeca ao convidar ela para ir at\u00e9 a igreja se acalmar. Ta\u00edsa se mostra prestativa para Frederico. O haras foi comprado por algu\u00e9m misterioso. As clientes de Meire n\u00e3o gostam do servi\u00e7o prestado no sal\u00e3o. As pessoas come\u00e7am a se acomodar na plateia do \u201cShow de Bandas\u201d que acontece em uma emissora de TV. Os conjuntos musicais usam figurino elaborado por Frederico, atrav\u00e9s da On-Enterprise.<\/p>\n<p>Ot\u00e1vio tenta conversar com Rebeca nos bastidores. Isabela v\u00ea Ot\u00e1vio e diz que espera que eles tenham feito as pazes. A garota pede para que eles fiquem juntos na plateia para que quando ela for cantar consiga se sentir mais segura ao v\u00ea-los. Ta\u00edsa faz c\u00f3pias dos desenhos de Frederico sem que ele saiba. Lurdinha percebe, mas n\u00e3o diz nada. O Show de Bandas \u00e9 apresentado por Andr\u00e9 Vasco. Insanos \u00e9 a primeira a se apresentar. Ta\u00edsa entrega c\u00f3pia dos desenhos de Frederico para Tomas em um caf\u00e9. Lurdinha segue Ta\u00edsa e tira fotos do encontro dos dois. Manuela e Seus Amigos se apresentam no concurso. Manuela dedica a m\u00fasica para Maur\u00edcio e Rebeca.<\/p>\n<p>(*) edi\u00e7\u00e3o do SBT, Novela \u201cC\u00famplices de um Resgate\u201d, sujeito a altera\u00e7\u00e3o de data e conte\u00fado.<\/p>\n","protected":false},"excerpt":{"rendered":"<p>Novela \u201cC\u00famplices de um Resgate\u201d resumo 15\/11:\u00a0Omar vai at\u00e9 o apartamento dos Vaz e revela que Priscila, Benjamim e ele foram os respons\u00e1veis por quebrar os instrumentos. Os Vaz prometem n\u00e3o contar nada sobre Omar at\u00e9 o final do show de bandas. Chega o dia da apresenta\u00e7\u00e3o e as pessoas come\u00e7am a se acomodar na [&hellip;]<\/p>\n","protected":false},"author":4,"featured_media":71351,"comment_status":"open","ping_status":"closed","sticky":false,"template":"","format":"standard","meta":{"_genesis_hide_title":false,"_genesis_hide_breadcrumbs":false,"_genesis_hide_singular_image":false,"_genesis_hide_footer_widgets":false,"_genesis_custom_body_class":"","_genesis_custom_post_class":"","_genesis_layout":"","_jetpack_memberships_contains_paid_content":false,"footnotes":""},"categories":[379,372,343],"tags":[441],"class_list":{"0":"post-99631","1":"post","2":"type-post","3":"status-publish","4":"format-standard","5":"has-post-thumbnail","7":"category-novelas","8":"category-sbt","9":"category-televisao","10":"tag-resumo-do-dia","11":"entry","12":"gs-1","13":"gs-odd","14":"gs-even","15":"gs-featured-content-entry"},"jetpack_featured_media_url":"https:\/\/www.redenoticia.com.br\/noticia\/imagens\/cumplices_de_um_resgate_sbt_novela_resumo.jpg","jetpack_sharing_enabled":true,"jetpack_likes_enabled":true,"_links":{"self":[{"href":"https:\/\/www.redenoticia.com.br\/noticia\/wp-json\/wp\/v2\/posts\/99631","targetHints":{"allow":["GET"]}}],"collection":[{"href":"https:\/\/www.redenoticia.com.br\/noticia\/wp-json\/wp\/v2\/posts"}],"about":[{"href":"https:\/\/www.redenoticia.com.br\/noticia\/wp-json\/wp\/v2\/types\/post"}],"author":[{"embeddable":true,"href":"https:\/\/www.redenoticia.com.br\/noticia\/wp-json\/wp\/v2\/users\/4"}],"replies":[{"embeddable":true,"href":"https:\/\/www.redenoticia.com.br\/noticia\/wp-json\/wp\/v2\/comments?post=99631"}],"version-history":[{"count":0,"href":"https:\/\/www.redenoticia.com.br\/noticia\/wp-json\/wp\/v2\/posts\/99631\/revisions"}],"wp:featuredmedia":[{"embeddable":true,"href":"https:\/\/www.redenoticia.com.br\/noticia\/wp-json\/wp\/v2\/media\/71351"}],"wp:attachment":[{"href":"https:\/\/www.redenoticia.com.br\/noticia\/wp-json\/wp\/v2\/media?parent=99631"}],"wp:term":[{"taxonomy":"category","embeddable":true,"href":"https:\/\/www.redenoticia.com.br\/noticia\/wp-json\/wp\/v2\/categories?post=99631"},{"taxonomy":"post_tag","embeddable":true,"href":"https:\/\/www.redenoticia.com.br\/noticia\/wp-json\/wp\/v2\/tags?post=99631"}],"curies":[{"name":"wp","href":"https:\/\/api.w.org\/{rel}","templated":true}]}}