{"id":9958,"date":"2009-08-28T14:30:57","date_gmt":"2009-08-28T18:30:57","guid":{"rendered":"http:\/\/www.redenoticia.com.br\/noticia\/?p=9958"},"modified":"2009-08-28T14:30:57","modified_gmt":"2009-08-28T18:30:57","slug":"thales-thiago-lancam-cd-na-festa-do-peao-de-barretos","status":"publish","type":"post","link":"https:\/\/www.redenoticia.com.br\/noticia\/2009\/thales-thiago-lancam-cd-na-festa-do-peao-de-barretos\/9958","title":{"rendered":"Thales &#038; Thiago lan\u00e7am Cd Na Festa Do Pe\u00e3o De Barretos!"},"content":{"rendered":"<p>Thales &amp; Thiago lan\u00e7a o 9\u00ba CD de sua carreira, de nome hom\u00f4nimo, que marca uma grande virada na carreira dessa dupla que j\u00e1 est\u00e1 na estrada h\u00e1 mais de 10 anos, eles que sempre foram conhecidos pelas letras e ritmos rom\u00e2nticos apresentam um trabalho ousado, muito mais animado e dan\u00e7ante seja pelas composi\u00e7\u00f5es ou cad\u00eancia das melodias. Os carros chefes representam bem esse novo momento,<strong> <\/strong><em>Baladeiro<\/em>, 3\u00aa. faixa, transparece alegria por meio dos versos \u201cPorque eu sou baladeiro, de janeiro a janeiro\u201d e em<strong> <\/strong><em>J\u00e1 Tem Outra<strong> <\/strong>Em Seu Lugar<\/em>, 1\u00aa. faixa, muita auto-estima \u201cMeu bem, nem vem que a fila andou e j\u00e1 tem outra em seu lugar\u201d.<\/p>\n<p>Mas, acima de tudo a dupla demonstra um momento muito mais maduro em todos os sentidos, na produ\u00e7\u00e3o, na escolha do repert\u00f3rio, arranjos musicais, al\u00e9m do fato de grande das\u00a0<strong> <\/strong>composi\u00e7\u00f5es serem cria\u00e7\u00f5es de Thales, que acaba de se formar em Letras.<\/p>\n<p>Num primeiro momento as can\u00e7\u00f5es podem receber o r\u00f3tulo de apenas \u201csertanejas\u201d, mas vai muito al\u00e9m, cada uma delas tanto as mais rom\u00e2nticas<strong> <\/strong><em>Uma Noite e Nada Mais<strong> <\/strong><\/em>e<strong> <\/strong><em>Nossa Esta\u00e7\u00e3o<\/em><strong> <\/strong>ou as mais animadas como<strong> <\/strong><em>Cacha\u00e7a com Lim\u00e3o<\/em><strong> <\/strong>trazem todas as vertentes desse tradicional estilo brasileiro, chegando at\u00e9 a ter um toque de forr\u00f3, em especial na<strong> <\/strong><em>Deixa a Pipoca Arrebentar<\/em>, que recebeu arranjos do grupo \u201cTradi\u00e7\u00e3o\u201d.<\/p>\n<p>O \u00e1lbum possu\u00ed 14 faixas, sendo 12 delas in\u00e9ditas e duas releituras<strong> <\/strong> <em>Bebendo de Bar em Bar<\/em>, do disco \u201cThales &amp; Thiago e Amigos\u201d e<strong><em> <\/em><\/strong><em>Deixa a Pipoca Arrebentar<\/em><strong> <\/strong>que j\u00e1 foi gravada por Lucas e Luan.<\/p>\n<p>A produ\u00e7\u00e3o musical ficou por conta do cantor e compositor Giuliano, da dupla Luiz Cl\u00e1udio &amp; Giuliano, e na banda m\u00fasicos de grande prest\u00edgio, como: Igor Fratucello (bateria), Alan Daniel (baixo), Josu\u00e9 Godoy (Teclados), Andr\u00e9 Mineiro (Percuss\u00e3o)\u00a0Augostinho Hip\u00f3lito (Acordeon), Giuliano (Viol\u00e3o \/ Guitarra) e Beto Gigliotti (guitarra).<\/p>\n<p>Este \u00e1lbum vem para consagrar \u00e0 dupla, com m\u00fasicas para n\u00e3o parar de dan\u00e7ar do come\u00e7o ao fim.<\/p>\n<p>Acesse:<strong> <\/strong><a href=\"http:\/\/www.thalesethiago.com.br\/\" target=\"_blank\"><strong>www.thalesethiago.com.br<\/strong><\/a><\/p>\n","protected":false},"excerpt":{"rendered":"<p>Thales &amp; Thiago lan\u00e7a o 9\u00ba CD de sua carreira, de nome hom\u00f4nimo, que marca uma grande virada na carreira dessa dupla que j\u00e1 est\u00e1 na estrada h\u00e1 mais de 10 anos, eles que sempre foram conhecidos pelas letras e ritmos rom\u00e2nticos apresentam um trabalho ousado, muito mais animado e dan\u00e7ante seja pelas composi\u00e7\u00f5es ou [&hellip;]<\/p>\n","protected":false},"author":2,"featured_media":0,"comment_status":"open","ping_status":"open","sticky":false,"template":"","format":"standard","meta":{"_genesis_hide_title":false,"_genesis_hide_breadcrumbs":false,"_genesis_hide_singular_image":false,"_genesis_hide_footer_widgets":false,"_genesis_custom_body_class":"","_genesis_custom_post_class":"","_genesis_layout":"","_jetpack_memberships_contains_paid_content":false,"footnotes":""},"categories":[22],"tags":[],"class_list":{"0":"post-9958","1":"post","2":"type-post","3":"status-publish","4":"format-standard","6":"category-brasil","7":"entry","8":"gs-1","9":"gs-odd","10":"gs-even","11":"gs-featured-content-entry"},"jetpack_featured_media_url":"","jetpack_sharing_enabled":true,"jetpack_likes_enabled":true,"_links":{"self":[{"href":"https:\/\/www.redenoticia.com.br\/noticia\/wp-json\/wp\/v2\/posts\/9958","targetHints":{"allow":["GET"]}}],"collection":[{"href":"https:\/\/www.redenoticia.com.br\/noticia\/wp-json\/wp\/v2\/posts"}],"about":[{"href":"https:\/\/www.redenoticia.com.br\/noticia\/wp-json\/wp\/v2\/types\/post"}],"author":[{"embeddable":true,"href":"https:\/\/www.redenoticia.com.br\/noticia\/wp-json\/wp\/v2\/users\/2"}],"replies":[{"embeddable":true,"href":"https:\/\/www.redenoticia.com.br\/noticia\/wp-json\/wp\/v2\/comments?post=9958"}],"version-history":[{"count":0,"href":"https:\/\/www.redenoticia.com.br\/noticia\/wp-json\/wp\/v2\/posts\/9958\/revisions"}],"wp:attachment":[{"href":"https:\/\/www.redenoticia.com.br\/noticia\/wp-json\/wp\/v2\/media?parent=9958"}],"wp:term":[{"taxonomy":"category","embeddable":true,"href":"https:\/\/www.redenoticia.com.br\/noticia\/wp-json\/wp\/v2\/categories?post=9958"},{"taxonomy":"post_tag","embeddable":true,"href":"https:\/\/www.redenoticia.com.br\/noticia\/wp-json\/wp\/v2\/tags?post=9958"}],"curies":[{"name":"wp","href":"https:\/\/api.w.org\/{rel}","templated":true}]}}