{"id":99486,"date":"2016-11-14T05:19:16","date_gmt":"2016-11-14T07:19:16","guid":{"rendered":"http:\/\/www.redenoticia.com.br\/noticia\/?p=99486"},"modified":"2016-11-11T15:20:08","modified_gmt":"2016-11-11T17:20:08","slug":"mais-de-940-mil-trabalhadores-ainda-nao-sacaram-abono-do-pispasep","status":"publish","type":"post","link":"https:\/\/www.redenoticia.com.br\/noticia\/2016\/mais-de-940-mil-trabalhadores-ainda-nao-sacaram-abono-do-pispasep\/99486","title":{"rendered":"Mais de 940 mil trabalhadores ainda n\u00e3o sacaram abono do PIS\/Pasep"},"content":{"rendered":"<p> Quase um milh\u00e3o de trabalhadores ainda n\u00e3o retiraram o abono do <strong><em>PIS\/Pasep<\/em><\/strong> do ano base 2014. O prazo final \u00e9 30 de dezembro, mas 948.288 pessoas ainda n\u00e3o procuraram uma ag\u00eancia banc\u00e1ria para retirar o benef\u00edcio. O valor do abono \u00e9 de um sal\u00e1rio m\u00ednimo (R$ 880).<\/p>\n<p>T\u00eam direito a sacar o valor, relativo a 2014, quem est\u00e1 inscrito no PIS\/Pasep h\u00e1 pelo menos cinco anos; tenha trabalhado com carteira assinada por pelo menos 30 dias em 2014 com remunera\u00e7\u00e3o mensal m\u00e9dia de at\u00e9 dois sal\u00e1rios m\u00ednimos; e tenha seus dados informados corretamente pelo empregador na Rela\u00e7\u00e3o Anual de Informa\u00e7\u00f5es Sociais (Rais).<\/p>\n<p>\u201cOs trabalhadores t\u00eam menos de dois meses para procurarem uma ag\u00eancia banc\u00e1ria e retirarem esse dinheiro. Depois o recurso volta para o Fundo de Amparo ao Trabalhador\u201d, alerta o coordenador geral do Seguro-desemprego, Abono Salarial e Identifica\u00e7\u00e3o Profissional do Minist\u00e9rio do Trabalho, M\u00e1rcio Borges.<\/p>\n<p>A maioria dos trabalhadores que ainda n\u00e3o sacaram o dinheiro s\u00e3o das regi\u00f5es Sudeste e Sul. Aproximadamente um ter\u00e7o das pessoas que n\u00e3o retiraram (357.036) s\u00e3o do estado de S\u00e3o Paulo, seguido por Rio de Janeiro (85.262); Rio Grande do Sul (71.928); Santa Catarina (63.834); e Minas Gerais (61.999).<\/p>\n<p>Antonio Pereira, que trabalha Companhia de Entrepostos e Armaz\u00e9ns Gerais de S\u00e3o Paulo (Ceagesp), disse que j\u00e1 sacou seu benef\u00edcio, e que o abono chegou na hora certa. \u201cEu j\u00e1 tirei o meu. O dinheiro n\u00e3o \u00e9 muito, mas j\u00e1 ajuda. N\u00e3o deixo para sacar na \u00faltima hora porque a gente pode acabar esquecendo\u201d, disse.<\/p>\n<p>Os trabalhadores podem consultar se tem direito a sacar o benef\u00edcio no portal do Minst\u00e9rio do Trabalho. A Central de Atendimento Al\u00f4 Trabalho, n\u00famero 158, tamb\u00e9m fornece informa\u00e7\u00f5es.<\/p>\n<p>Para sacar o Abono do Pis\/Pasep, o trabalhador que possuir o Cart\u00e3o Cidad\u00e3o e senha cadastrada deve se dirigir a um caixa eletr\u00f4nico da Caixa, ou a uma Casa Lot\u00e9rica. Se n\u00e3o tiver o Cart\u00e3o Cidad\u00e3o, o trabalhador pode receber o abono em qualquer ag\u00eancia da Caixa, mediante apresenta\u00e7\u00e3o de documento de identifica\u00e7\u00e3o. A Caixa d\u00e1 informa\u00e7\u00f5es pelo telefone 0800 726 0207.<\/p>\n<p>Bruno Bocchini &#8211; Rep\u00f3rter da Ag\u00eancia Brasil<br \/>\nEdi\u00e7\u00e3o: Amanda Cieglinski<br \/>\n14\/11\/2016<\/p>\n","protected":false},"excerpt":{"rendered":"<p>Quase um milh\u00e3o de trabalhadores ainda n\u00e3o retiraram o abono do PIS\/Pasep do ano base 2014. O prazo final \u00e9 30 de dezembro, mas 948.288 pessoas ainda n\u00e3o procuraram uma ag\u00eancia banc\u00e1ria para retirar o benef\u00edcio. O valor do abono \u00e9 de um sal\u00e1rio m\u00ednimo (R$ 880). T\u00eam direito a sacar o valor, relativo a [&hellip;]<\/p>\n","protected":false},"author":2,"featured_media":57585,"comment_status":"open","ping_status":"closed","sticky":false,"template":"","format":"standard","meta":{"_genesis_hide_title":false,"_genesis_hide_breadcrumbs":false,"_genesis_hide_singular_image":false,"_genesis_hide_footer_widgets":false,"_genesis_custom_body_class":"","_genesis_custom_post_class":"","_genesis_layout":"","_jetpack_memberships_contains_paid_content":false,"footnotes":""},"categories":[22,7],"tags":[],"class_list":{"0":"post-99486","1":"post","2":"type-post","3":"status-publish","4":"format-standard","5":"has-post-thumbnail","7":"category-brasil","8":"category-economia","9":"entry","10":"gs-1","11":"gs-odd","12":"gs-even","13":"gs-featured-content-entry"},"jetpack_featured_media_url":"https:\/\/www.redenoticia.com.br\/noticia\/imagens\/analise-economia.jpg","jetpack_sharing_enabled":true,"jetpack_likes_enabled":true,"_links":{"self":[{"href":"https:\/\/www.redenoticia.com.br\/noticia\/wp-json\/wp\/v2\/posts\/99486","targetHints":{"allow":["GET"]}}],"collection":[{"href":"https:\/\/www.redenoticia.com.br\/noticia\/wp-json\/wp\/v2\/posts"}],"about":[{"href":"https:\/\/www.redenoticia.com.br\/noticia\/wp-json\/wp\/v2\/types\/post"}],"author":[{"embeddable":true,"href":"https:\/\/www.redenoticia.com.br\/noticia\/wp-json\/wp\/v2\/users\/2"}],"replies":[{"embeddable":true,"href":"https:\/\/www.redenoticia.com.br\/noticia\/wp-json\/wp\/v2\/comments?post=99486"}],"version-history":[{"count":0,"href":"https:\/\/www.redenoticia.com.br\/noticia\/wp-json\/wp\/v2\/posts\/99486\/revisions"}],"wp:featuredmedia":[{"embeddable":true,"href":"https:\/\/www.redenoticia.com.br\/noticia\/wp-json\/wp\/v2\/media\/57585"}],"wp:attachment":[{"href":"https:\/\/www.redenoticia.com.br\/noticia\/wp-json\/wp\/v2\/media?parent=99486"}],"wp:term":[{"taxonomy":"category","embeddable":true,"href":"https:\/\/www.redenoticia.com.br\/noticia\/wp-json\/wp\/v2\/categories?post=99486"},{"taxonomy":"post_tag","embeddable":true,"href":"https:\/\/www.redenoticia.com.br\/noticia\/wp-json\/wp\/v2\/tags?post=99486"}],"curies":[{"name":"wp","href":"https:\/\/api.w.org\/{rel}","templated":true}]}}