{"id":99484,"date":"2016-11-14T05:17:55","date_gmt":"2016-11-14T07:17:55","guid":{"rendered":"http:\/\/www.redenoticia.com.br\/noticia\/?p=99484"},"modified":"2016-11-11T15:19:09","modified_gmt":"2016-11-11T17:19:09","slug":"venda-de-imoveis-novos-em-sao-paulo-aumenta-593-em-setembro","status":"publish","type":"post","link":"https:\/\/www.redenoticia.com.br\/noticia\/2016\/venda-de-imoveis-novos-em-sao-paulo-aumenta-593-em-setembro\/99484","title":{"rendered":"Venda de im\u00f3veis novos em S\u00e3o Paulo aumenta 59,3% em setembro"},"content":{"rendered":"<p> A <strong><em>venda de im\u00f3veis<\/em><\/strong> residenciais novos na cidade de S\u00e3o Paulo chegou a 1.717 em setembro. O volume \u00e9 59,3% superior ao total vendido em agosto (1.078 unidades) e 23,3% acima do comercializado em setembro do ano passado (1.392 unidades), de acordo com a Pesquisa do Mercado Imobili\u00e1rio feita pelo Sindicato da Habita\u00e7\u00e3o (Secovi-SP). Com esses n\u00fameros, setembro \u00e9 o melhor m\u00eas do ano. Dados da Empresa Brasileira de Estudos de Patrim\u00f4nio (Embraesp) indicam que a cidade de S\u00e3o Paulo registrou, em setembro, um total de 2.165 unidades residenciais lan\u00e7adas, volume 83,9% superior ao de agosto (1.177 unidades) e 66,9% superior a setembro de 2015 (1.297 unidades).<\/p>\n<p>Segundo os dados, foram comercializadas na capital paulista, de janeiro a setembro deste ano, 10.817 unidades residenciais, 21% a menos do que total vendido no mesmo per\u00edodo de 2015 (13.698 unidades). Os lan\u00e7amentos tiveram queda de 27,9% nos primeiros nove meses do ano, com 10.172 unidades residenciais novas na cidade de S\u00e3o Paulo. No mesmo per\u00edodo do ano passado foram 14.099 unidades.<\/p>\n<p>Os im\u00f3veis de dois dormit\u00f3rios, com \u00e1rea \u00fatil entre 45 m\u00b2 e 65 m\u00b2 e faixa de pre\u00e7o entre R$ 225 mil e R$ 500 mil tiveram destaque nas vendas em setembro, com maior volume de vendas de im\u00f3veis na planta. Houve, tamb\u00e9m, crescimento das vendas e dos lan\u00e7amentos de im\u00f3veis de 3 e 4 dormit\u00f3rios no m\u00eas, em rela\u00e7\u00e3o \u00e0 m\u00e9dia do per\u00edodo acumulado de janeiro a agosto. O crescimento nos lan\u00e7amentos foi de 351,8% para unidades de 3 dormit\u00f3rios e de 700% em im\u00f3veis de 4 ou mais dormit\u00f3rios. J\u00e1 com rela\u00e7\u00e3o \u00e0s vendas, a alta foi de 179,9% para im\u00f3veis de 3 dormit\u00f3rios e 156,7% para os de 4 dormit\u00f3rios.<\/p>\n<p>Para o presidente do Secov-SP, Flavio Amary, o aumento nas vendas e nos lan\u00e7amentos registrado em setembro significa um novo \u00e2nimo da sociedade e dos empreendedores. &#8220;No entanto, insistimos na continuidade da redu\u00e7\u00e3o da taxa de juros, para que o setor imobili\u00e1rio retome suas atividades aos patamares normais e possa contribuir para a gera\u00e7\u00e3o de emprego e renda e, consequentemente, com o aquecimento da economia&#8221;.<\/p>\n<p>Fl\u00e1via Albuquerque \u2013 Rep\u00f3rter da Ag\u00eancia Brasil<br \/>\nEdi\u00e7\u00e3o: Maria Claudia<br \/>\n14\/11\/2016<\/p>\n","protected":false},"excerpt":{"rendered":"<p>A venda de im\u00f3veis residenciais novos na cidade de S\u00e3o Paulo chegou a 1.717 em setembro. O volume \u00e9 59,3% superior ao total vendido em agosto (1.078 unidades) e 23,3% acima do comercializado em setembro do ano passado (1.392 unidades), de acordo com a Pesquisa do Mercado Imobili\u00e1rio feita pelo Sindicato da Habita\u00e7\u00e3o (Secovi-SP). Com [&hellip;]<\/p>\n","protected":false},"author":2,"featured_media":34681,"comment_status":"open","ping_status":"closed","sticky":false,"template":"","format":"standard","meta":{"_genesis_hide_title":false,"_genesis_hide_breadcrumbs":false,"_genesis_hide_singular_image":false,"_genesis_hide_footer_widgets":false,"_genesis_custom_body_class":"","_genesis_custom_post_class":"","_genesis_layout":"","_jetpack_memberships_contains_paid_content":false,"footnotes":""},"categories":[22,7],"tags":[],"class_list":{"0":"post-99484","1":"post","2":"type-post","3":"status-publish","4":"format-standard","5":"has-post-thumbnail","7":"category-brasil","8":"category-economia","9":"entry","10":"gs-1","11":"gs-odd","12":"gs-even","13":"gs-featured-content-entry"},"jetpack_featured_media_url":"https:\/\/www.redenoticia.com.br\/noticia\/imagens\/secovi-sp.jpg","jetpack_sharing_enabled":true,"jetpack_likes_enabled":true,"_links":{"self":[{"href":"https:\/\/www.redenoticia.com.br\/noticia\/wp-json\/wp\/v2\/posts\/99484","targetHints":{"allow":["GET"]}}],"collection":[{"href":"https:\/\/www.redenoticia.com.br\/noticia\/wp-json\/wp\/v2\/posts"}],"about":[{"href":"https:\/\/www.redenoticia.com.br\/noticia\/wp-json\/wp\/v2\/types\/post"}],"author":[{"embeddable":true,"href":"https:\/\/www.redenoticia.com.br\/noticia\/wp-json\/wp\/v2\/users\/2"}],"replies":[{"embeddable":true,"href":"https:\/\/www.redenoticia.com.br\/noticia\/wp-json\/wp\/v2\/comments?post=99484"}],"version-history":[{"count":0,"href":"https:\/\/www.redenoticia.com.br\/noticia\/wp-json\/wp\/v2\/posts\/99484\/revisions"}],"wp:featuredmedia":[{"embeddable":true,"href":"https:\/\/www.redenoticia.com.br\/noticia\/wp-json\/wp\/v2\/media\/34681"}],"wp:attachment":[{"href":"https:\/\/www.redenoticia.com.br\/noticia\/wp-json\/wp\/v2\/media?parent=99484"}],"wp:term":[{"taxonomy":"category","embeddable":true,"href":"https:\/\/www.redenoticia.com.br\/noticia\/wp-json\/wp\/v2\/categories?post=99484"},{"taxonomy":"post_tag","embeddable":true,"href":"https:\/\/www.redenoticia.com.br\/noticia\/wp-json\/wp\/v2\/tags?post=99484"}],"curies":[{"name":"wp","href":"https:\/\/api.w.org\/{rel}","templated":true}]}}