{"id":9944,"date":"2009-08-28T14:17:57","date_gmt":"2009-08-28T18:17:57","guid":{"rendered":"http:\/\/www.redenoticia.com.br\/noticia\/?p=9944"},"modified":"2009-08-28T14:18:51","modified_gmt":"2009-08-28T18:18:51","slug":"hanseniase-casos-estaveis-nos-ultimos-5-anos","status":"publish","type":"post","link":"https:\/\/www.redenoticia.com.br\/noticia\/2009\/hanseniase-casos-estaveis-nos-ultimos-5-anos\/9944","title":{"rendered":"Hansen\u00edase, Casos est\u00e1veis nos \u00faltimos 5 anos em Ji-Paran\u00e1 (RO)"},"content":{"rendered":"<p>Diferentemente do que foi noticiado esta semana por parte da imprensa ji-paranaense, o n\u00famero de casos de hansen\u00edase no munic\u00edpio n\u00e3o aumentou. Na verdade, os 126 casos da doen\u00e7a registrados em Ji-Paran\u00e1 de janeiro para c\u00e1 est\u00e3o dentro da m\u00e9dia dos \u00faltimos cinco anos. A m\u00e9dia anual de 167 casos est\u00e1 dentro do \u00edndice de infesta\u00e7\u00e3o considerado normal pelo Minist\u00e9rio da Sa\u00fade, que admite a propor\u00e7\u00e3o de 1 caso para cada 10 mil habitantes.<\/p>\n<p>A Unidade B\u00e1sica de Sa\u00fade (UBS) Adolpho Rhol, refer\u00eancia no diagn\u00f3stico, acompanhamento e tratamento da hansen\u00edase, registrou 126 casos da doen\u00e7a em Ji-Paran\u00e1 de janeiro a agosto. Destes, dois s\u00e3o de pessoas residentes em Alvorada do Oeste e Cacoal e um residente em Rondol\u00e2ndia, Mato Grosso. Pela proje\u00e7\u00e3o, at\u00e9 o fim deste ano o n\u00famero de casos confirmados da doen\u00e7a no munic\u00edpio pode chegar at\u00e9 a 180, \u00edndice menor do que foi registrado, por exemplo, em 2006 (195 casos confirmados).<\/p>\n<p>Somando todos os casos de hansen\u00edase registrados em Ji-Paran\u00e1 de 2004 a 2008 chega-se a uma m\u00e9dia de 167 casos\/ano, ou seja, 41 casos a mais do que foi registrado at\u00e9 o momento, e isto sem levar em conta o aumento consider\u00e1vel da popula\u00e7\u00e3o nos \u00faltimos cinco anos, o que, segundo crit\u00e9rios do Minist\u00e9rio da Sa\u00fade, aumenta a toler\u00e2ncia ao n\u00famero de casos confirmados.<\/p>\n<p>Segundo o diretor da UBS Adolpho Rhol, \u00c1ureo Guimar\u00e3es, o fato de o \u00edndice de infesta\u00e7\u00e3o da doen\u00e7a se manter na m\u00e9dia dos \u00faltimos cinco anos se deve ao trabalho que vem sendo realizado pela Secretaria Municipal de Sa\u00fade (Semusa) na conscientiza\u00e7\u00e3o da popula\u00e7\u00e3o atrav\u00e9s de campanhas educativas, palestras e distribui\u00e7\u00e3o de material explicativo em escolas e nos bairros perif\u00e9ricos.<\/p>\n","protected":false},"excerpt":{"rendered":"<p>Diferentemente do que foi noticiado esta semana por parte da imprensa ji-paranaense, o n\u00famero de casos de hansen\u00edase no munic\u00edpio n\u00e3o aumentou. Na verdade, os 126 casos da doen\u00e7a registrados em Ji-Paran\u00e1 de janeiro para c\u00e1 est\u00e3o dentro da m\u00e9dia dos \u00faltimos cinco anos. A m\u00e9dia anual de 167 casos est\u00e1 dentro do \u00edndice de [&hellip;]<\/p>\n","protected":false},"author":2,"featured_media":0,"comment_status":"open","ping_status":"open","sticky":false,"template":"","format":"standard","meta":{"_genesis_hide_title":false,"_genesis_hide_breadcrumbs":false,"_genesis_hide_singular_image":false,"_genesis_hide_footer_widgets":false,"_genesis_custom_body_class":"","_genesis_custom_post_class":"","_genesis_layout":"","_jetpack_memberships_contains_paid_content":false,"footnotes":""},"categories":[5],"tags":[],"class_list":{"0":"post-9944","1":"post","2":"type-post","3":"status-publish","4":"format-standard","6":"category-saude-e-vida","7":"entry","8":"gs-1","9":"gs-odd","10":"gs-even","11":"gs-featured-content-entry"},"jetpack_featured_media_url":"","jetpack_sharing_enabled":true,"jetpack_likes_enabled":true,"_links":{"self":[{"href":"https:\/\/www.redenoticia.com.br\/noticia\/wp-json\/wp\/v2\/posts\/9944","targetHints":{"allow":["GET"]}}],"collection":[{"href":"https:\/\/www.redenoticia.com.br\/noticia\/wp-json\/wp\/v2\/posts"}],"about":[{"href":"https:\/\/www.redenoticia.com.br\/noticia\/wp-json\/wp\/v2\/types\/post"}],"author":[{"embeddable":true,"href":"https:\/\/www.redenoticia.com.br\/noticia\/wp-json\/wp\/v2\/users\/2"}],"replies":[{"embeddable":true,"href":"https:\/\/www.redenoticia.com.br\/noticia\/wp-json\/wp\/v2\/comments?post=9944"}],"version-history":[{"count":0,"href":"https:\/\/www.redenoticia.com.br\/noticia\/wp-json\/wp\/v2\/posts\/9944\/revisions"}],"wp:attachment":[{"href":"https:\/\/www.redenoticia.com.br\/noticia\/wp-json\/wp\/v2\/media?parent=9944"}],"wp:term":[{"taxonomy":"category","embeddable":true,"href":"https:\/\/www.redenoticia.com.br\/noticia\/wp-json\/wp\/v2\/categories?post=9944"},{"taxonomy":"post_tag","embeddable":true,"href":"https:\/\/www.redenoticia.com.br\/noticia\/wp-json\/wp\/v2\/tags?post=9944"}],"curies":[{"name":"wp","href":"https:\/\/api.w.org\/{rel}","templated":true}]}}