{"id":99426,"date":"2016-11-11T06:22:45","date_gmt":"2016-11-11T08:22:45","guid":{"rendered":"http:\/\/www.redenoticia.com.br\/noticia\/?p=99426"},"modified":"2016-11-10T16:23:24","modified_gmt":"2016-11-10T18:23:24","slug":"mais-da-metade-das-familias-paulistanas-estao-endividadas-diz-fecomercio","status":"publish","type":"post","link":"https:\/\/www.redenoticia.com.br\/noticia\/2016\/mais-da-metade-das-familias-paulistanas-estao-endividadas-diz-fecomercio\/99426","title":{"rendered":"Mais da metade das fam\u00edlias paulistanas est\u00e3o endividadas, diz Fecomercio"},"content":{"rendered":"<p> A propor\u00e7\u00e3o de fam\u00edlias paulistanas que tem algum tipo de d\u00edvida subiu 0,2 ponto percentual em outubro e atingiu 51,9%, somando cerca de 1,997 milh\u00e3o de fam\u00edlias. Segundo a Federa\u00e7\u00e3o do Com\u00e9rcio de Bens, Servi\u00e7os e Turismo do Estado de S\u00e3o Paulo (FecomercioSP), esta foi a quarta alta mensal consecutiva no \u00edndice da Pesquisa de <strong><em>Endividamento e Inadimpl\u00eancia do Consumidor<\/em><\/strong> (Peic) e a maior taxa dos \u00faltimos doze meses. Na compara\u00e7\u00e3o com outubro do ano passado, o \u00edndice apresentou queda de 0,5 ponto percentual.<\/p>\n<p>Para a Fecomercio, isso mostra a dificuldade que as fam\u00edlias est\u00e3o encontrando para manter o or\u00e7amento equilibrado em um cen\u00e1rio de infla\u00e7\u00e3o e juros altos e desemprego crescente.<\/p>\n<p>Entre as fam\u00edlias endividadas, a maior parte (55% do total) corresponde a lares com renda inferior a dez sal\u00e1rios m\u00ednimos.<\/p>\n<p>Para a federa\u00e7\u00e3o, as fam\u00edlias de renda mais baixa s\u00e3o as que mais sentem o impacto do aumento dos pre\u00e7os dos produtos de necessidades b\u00e1sicas, tendo que recorrer a formas de cr\u00e9dito para complementar o or\u00e7amento.<\/p>\n<p>Entre os consumidores que est\u00e3o endividados, 35,2% comprometeram sua renda por mais de um ano com d\u00edvidas; 24,4% em at\u00e9 tr\u00eas meses; 19,8% entre tr\u00eas e seis meses e 18% entre seis meses e um ano.<\/p>\n<p>Inadimpl\u00eancia<\/p>\n<p>Em outubro, 18,8% das fam\u00edlias da cidade de S\u00e3o Paulo \u2013 ou cerca de 722 mil fam\u00edlias \u2013 disseram estar com contas em atraso, o que representou queda de 1,1 ponto percentual em rela\u00e7\u00e3o a setembro. Na compara\u00e7\u00e3o com outubro do ano passado, a alta foi de 0,8 ponto percentual. Desse total, 47,9% t\u00eam contas vencidas a mais de 90 dias.<\/p>\n<p>Tipos de d\u00edvida<\/p>\n<p>O cart\u00e3o de cr\u00e9dito \u00e9 a forma mais utilizada pelas fam\u00edlias endividadas, sendo utilizado por 72,6% dos entrevistados em outubro, seguido pelo financiamento do carro (13,7%), cr\u00e9dito pessoal (13,5%), carn\u00eas (11,5%), financiamento da casa (11,3%) e cheque especial (8,5%).<\/p>\n<p>Elaine Patricia Cruz \u2013 Rep\u00f3rter da Ag\u00eancia Brasil<br \/>\nEdi\u00e7\u00e3o: L\u00edlian Beraldo<br \/>\n11\/11\/2016<\/p>\n","protected":false},"excerpt":{"rendered":"<p>A propor\u00e7\u00e3o de fam\u00edlias paulistanas que tem algum tipo de d\u00edvida subiu 0,2 ponto percentual em outubro e atingiu 51,9%, somando cerca de 1,997 milh\u00e3o de fam\u00edlias. Segundo a Federa\u00e7\u00e3o do Com\u00e9rcio de Bens, Servi\u00e7os e Turismo do Estado de S\u00e3o Paulo (FecomercioSP), esta foi a quarta alta mensal consecutiva no \u00edndice da Pesquisa de [&hellip;]<\/p>\n","protected":false},"author":2,"featured_media":57583,"comment_status":"open","ping_status":"closed","sticky":false,"template":"","format":"standard","meta":{"_genesis_hide_title":false,"_genesis_hide_breadcrumbs":false,"_genesis_hide_singular_image":false,"_genesis_hide_footer_widgets":false,"_genesis_custom_body_class":"","_genesis_custom_post_class":"","_genesis_layout":"","_jetpack_memberships_contains_paid_content":false,"footnotes":""},"categories":[22,7],"tags":[],"class_list":{"0":"post-99426","1":"post","2":"type-post","3":"status-publish","4":"format-standard","5":"has-post-thumbnail","7":"category-brasil","8":"category-economia","9":"entry","10":"gs-1","11":"gs-odd","12":"gs-even","13":"gs-featured-content-entry"},"jetpack_featured_media_url":"https:\/\/www.redenoticia.com.br\/noticia\/imagens\/economia-grafico.jpg","jetpack_sharing_enabled":true,"jetpack_likes_enabled":true,"_links":{"self":[{"href":"https:\/\/www.redenoticia.com.br\/noticia\/wp-json\/wp\/v2\/posts\/99426","targetHints":{"allow":["GET"]}}],"collection":[{"href":"https:\/\/www.redenoticia.com.br\/noticia\/wp-json\/wp\/v2\/posts"}],"about":[{"href":"https:\/\/www.redenoticia.com.br\/noticia\/wp-json\/wp\/v2\/types\/post"}],"author":[{"embeddable":true,"href":"https:\/\/www.redenoticia.com.br\/noticia\/wp-json\/wp\/v2\/users\/2"}],"replies":[{"embeddable":true,"href":"https:\/\/www.redenoticia.com.br\/noticia\/wp-json\/wp\/v2\/comments?post=99426"}],"version-history":[{"count":0,"href":"https:\/\/www.redenoticia.com.br\/noticia\/wp-json\/wp\/v2\/posts\/99426\/revisions"}],"wp:featuredmedia":[{"embeddable":true,"href":"https:\/\/www.redenoticia.com.br\/noticia\/wp-json\/wp\/v2\/media\/57583"}],"wp:attachment":[{"href":"https:\/\/www.redenoticia.com.br\/noticia\/wp-json\/wp\/v2\/media?parent=99426"}],"wp:term":[{"taxonomy":"category","embeddable":true,"href":"https:\/\/www.redenoticia.com.br\/noticia\/wp-json\/wp\/v2\/categories?post=99426"},{"taxonomy":"post_tag","embeddable":true,"href":"https:\/\/www.redenoticia.com.br\/noticia\/wp-json\/wp\/v2\/tags?post=99426"}],"curies":[{"name":"wp","href":"https:\/\/api.w.org\/{rel}","templated":true}]}}