{"id":99424,"date":"2016-11-11T06:21:46","date_gmt":"2016-11-11T08:21:46","guid":{"rendered":"http:\/\/www.redenoticia.com.br\/noticia\/?p=99424"},"modified":"2016-11-10T16:22:40","modified_gmt":"2016-11-10T18:22:40","slug":"vendas-de-natal-em-supermercados-devem-crescer-8-no-rio","status":"publish","type":"post","link":"https:\/\/www.redenoticia.com.br\/noticia\/2016\/vendas-de-natal-em-supermercados-devem-crescer-8-no-rio\/99424","title":{"rendered":"Vendas de Natal em supermercados devem crescer 8% no Rio"},"content":{"rendered":"<p> A Associa\u00e7\u00e3o de Supermercados do Estado do Rio de Janeiro (Asserj) estima que as <strong><em>vendas no Natal<\/em><\/strong> no estado do Rio crescer\u00e3o na faixa da infla\u00e7\u00e3o, que em setembro totalizou 8,48% no acumulado em 12 meses, segundo o \u00cdndice Nacional de Pre\u00e7os ao Consumidor Amplo (IPCA), do Instituto Brasileiro de Geografia e Estat\u00edstica (IBGE).<\/p>\n<p>J\u00e1 o pre\u00e7o da cesta natalina dever\u00e1 se manter est\u00e1vel. Os produtos nacionais, como aves e carnes, ficar\u00e3o mais custosos por causa do pre\u00e7o dos insumos de produ\u00e7\u00e3o; e os produtos importados como o bacalhau, bebidas (vinhos e espumantes), nozes, frutas secas e cristalizadas, dever\u00e3o apresentar redu\u00e7\u00e3o de pre\u00e7o, por causa da baixa do d\u00f3lar.<\/p>\n<p>O presidente da Associa\u00e7\u00e3o dos Supermercados, F\u00e1bio Queir\u00f3z, d\u00e1 dicas para os consumidores fazerem boas compras para as festas de final de Ano, no Natal e Ano Novo.<\/p>\n<p>\u201cPara economizar, o consumidor deve ficar atento \u00e0s promo\u00e7\u00f5es e ter paci\u00eancia para pesquisar pre\u00e7os em mais de um estabelecimento. As marcas pr\u00f3prias dos supermercados tamb\u00e9m s\u00e3o boas alternativas de economia, pois s\u00e3o de qualidade e oferecem \u00f3timos descontos\u201d, afirmou.<\/p>\n<p>Atualmente, o setor supermercadista gera 200 mil empregos diretos e 300 mil indiretos, em todo o estado do Rio de Janeiro. De acordo com a Asserj, n\u00e3o h\u00e1 registro de demiss\u00f5es em larga escala entre suas 450 empresas associadas, que totalizam mais 1800 lojas distribu\u00eddas pela regi\u00e3o fluminense. <\/p>\n<p>Douglas Corr\u00eaa &#8211; Rep\u00f3rter da Ag\u00eancia Brasil<br \/>\nEdi\u00e7\u00e3o: Maria Claudia<br \/>\n11\/11\/2016<\/p>\n","protected":false},"excerpt":{"rendered":"<p>A Associa\u00e7\u00e3o de Supermercados do Estado do Rio de Janeiro (Asserj) estima que as vendas no Natal no estado do Rio crescer\u00e3o na faixa da infla\u00e7\u00e3o, que em setembro totalizou 8,48% no acumulado em 12 meses, segundo o \u00cdndice Nacional de Pre\u00e7os ao Consumidor Amplo (IPCA), do Instituto Brasileiro de Geografia e Estat\u00edstica (IBGE). J\u00e1 [&hellip;]<\/p>\n","protected":false},"author":2,"featured_media":57582,"comment_status":"open","ping_status":"closed","sticky":false,"template":"","format":"standard","meta":{"_genesis_hide_title":false,"_genesis_hide_breadcrumbs":false,"_genesis_hide_singular_image":false,"_genesis_hide_footer_widgets":false,"_genesis_custom_body_class":"","_genesis_custom_post_class":"","_genesis_layout":"","_jetpack_memberships_contains_paid_content":false,"footnotes":""},"categories":[22,7],"tags":[],"class_list":{"0":"post-99424","1":"post","2":"type-post","3":"status-publish","4":"format-standard","5":"has-post-thumbnail","7":"category-brasil","8":"category-economia","9":"entry","10":"gs-1","11":"gs-odd","12":"gs-even","13":"gs-featured-content-entry"},"jetpack_featured_media_url":"https:\/\/www.redenoticia.com.br\/noticia\/imagens\/grafico1.jpg","jetpack_sharing_enabled":true,"jetpack_likes_enabled":true,"_links":{"self":[{"href":"https:\/\/www.redenoticia.com.br\/noticia\/wp-json\/wp\/v2\/posts\/99424","targetHints":{"allow":["GET"]}}],"collection":[{"href":"https:\/\/www.redenoticia.com.br\/noticia\/wp-json\/wp\/v2\/posts"}],"about":[{"href":"https:\/\/www.redenoticia.com.br\/noticia\/wp-json\/wp\/v2\/types\/post"}],"author":[{"embeddable":true,"href":"https:\/\/www.redenoticia.com.br\/noticia\/wp-json\/wp\/v2\/users\/2"}],"replies":[{"embeddable":true,"href":"https:\/\/www.redenoticia.com.br\/noticia\/wp-json\/wp\/v2\/comments?post=99424"}],"version-history":[{"count":0,"href":"https:\/\/www.redenoticia.com.br\/noticia\/wp-json\/wp\/v2\/posts\/99424\/revisions"}],"wp:featuredmedia":[{"embeddable":true,"href":"https:\/\/www.redenoticia.com.br\/noticia\/wp-json\/wp\/v2\/media\/57582"}],"wp:attachment":[{"href":"https:\/\/www.redenoticia.com.br\/noticia\/wp-json\/wp\/v2\/media?parent=99424"}],"wp:term":[{"taxonomy":"category","embeddable":true,"href":"https:\/\/www.redenoticia.com.br\/noticia\/wp-json\/wp\/v2\/categories?post=99424"},{"taxonomy":"post_tag","embeddable":true,"href":"https:\/\/www.redenoticia.com.br\/noticia\/wp-json\/wp\/v2\/tags?post=99424"}],"curies":[{"name":"wp","href":"https:\/\/api.w.org\/{rel}","templated":true}]}}