{"id":99422,"date":"2016-11-11T06:20:48","date_gmt":"2016-11-11T08:20:48","guid":{"rendered":"http:\/\/www.redenoticia.com.br\/noticia\/?p=99422"},"modified":"2016-11-10T16:21:42","modified_gmt":"2016-11-10T18:21:42","slug":"cnc-preve-queda-de-6-no-faturamento-do-comercio-este-ano","status":"publish","type":"post","link":"https:\/\/www.redenoticia.com.br\/noticia\/2016\/cnc-preve-queda-de-6-no-faturamento-do-comercio-este-ano\/99422","title":{"rendered":"CNC prev\u00ea queda de 6% no faturamento do com\u00e9rcio este ano"},"content":{"rendered":"<p> O <strong><em>com\u00e9rcio varejista<\/em><\/strong> brasileiro deve fechar 2016 com queda de 6% no faturamento em rela\u00e7\u00e3o ao ano passado. A previs\u00e3o \u00e9 da Confedera\u00e7\u00e3o Nacional do Com\u00e9rcio de Bens, Servi\u00e7os e Turismo (CNC). Ela afirma que esse ser\u00e1 um dos piores resultados hist\u00f3ricos do setor.<\/p>\n<p>Inicialmente, a CNC previa uma queda de 5,4%, mas revisou sua previs\u00e3o depois da divulga\u00e7\u00e3o do volume de vendas do com\u00e9rcio varejista em setembro, pelo Instituto Brasileiro de Geografia e Estat\u00edstica (IBGE). Segundo os dados divulgados hoje pelo IBGE, o com\u00e9rcio varejista teve uma queda de 1% entre agosto e setembro e acumula um recuo de 6,6% em 12 meses.<\/p>\n<p>De acordo com a CNC, as vendas do com\u00e9rcio est\u00e3o sendo prejudicadas pela manuten\u00e7\u00e3o do cen\u00e1rio desfavor\u00e1vel para o mercado de trabalho, com aumento do desemprego, queda da renda, e pela manuten\u00e7\u00e3o de um n\u00edvel mais elevado do custo do cr\u00e9dito.<\/p>\n<p>Vitor Abdala \u2013 Rep\u00f3rter da Ag\u00eancia Brasil<br \/>\nEdi\u00e7\u00e3o: Kleber Sampaio<br \/>\n11\/11\/2016<br \/>\n&#8212;<br \/>\nCriada em 2007 para fortalecer o sistema p\u00fablico de comunica\u00e7\u00e3o, a EBC \u00e9 gestora da TV Brasil, TV Brasil Internacional, Ag\u00eancia Brasil, Radioag\u00eancia Nacional e do sistema p\u00fablico de R\u00e1dio, composto por oito emissoras: R\u00e1dio Nacional AM do Rio de Janeiro (1.130 KHz), R\u00e1dio Nacional AM de Bras\u00edlia (980 KHz), Nacional FM de Bras\u00edlia (96,1 MHz), R\u00e1dio MEC AM do Rio de Janeiro (800 KHz), MEC FM do Rio de Janeiro (99,3 MHz), R\u00e1dio Nacional da Amaz\u00f4nia OC (11.780 KHz e 6.180 KHz), R\u00e1dio Nacional AM do Alto Solim\u00f5es (670 KHz) e R\u00e1dio Nacional FM do Alto Solim\u00f5es (96.1 MHz). Por sua independ\u00eancia editorial, os ve\u00edculos p\u00fablicos distinguem-se dos canais estatais ou governamentais. A rede de emissoras produz conte\u00fados diferenciados que a singulariza por espelhar de maneira mais fidedigna a complexidade cultural brasileira, ocupando um espa\u00e7o complementar, n\u00e3o preenchido pelos canais privados.<\/p>\n","protected":false},"excerpt":{"rendered":"<p>O com\u00e9rcio varejista brasileiro deve fechar 2016 com queda de 6% no faturamento em rela\u00e7\u00e3o ao ano passado. A previs\u00e3o \u00e9 da Confedera\u00e7\u00e3o Nacional do Com\u00e9rcio de Bens, Servi\u00e7os e Turismo (CNC). Ela afirma que esse ser\u00e1 um dos piores resultados hist\u00f3ricos do setor. Inicialmente, a CNC previa uma queda de 5,4%, mas revisou sua [&hellip;]<\/p>\n","protected":false},"author":2,"featured_media":38938,"comment_status":"open","ping_status":"closed","sticky":false,"template":"","format":"standard","meta":{"_genesis_hide_title":false,"_genesis_hide_breadcrumbs":false,"_genesis_hide_singular_image":false,"_genesis_hide_footer_widgets":false,"_genesis_custom_body_class":"","_genesis_custom_post_class":"","_genesis_layout":"","_jetpack_memberships_contains_paid_content":false,"footnotes":""},"categories":[22,7],"tags":[],"class_list":{"0":"post-99422","1":"post","2":"type-post","3":"status-publish","4":"format-standard","5":"has-post-thumbnail","7":"category-brasil","8":"category-economia","9":"entry","10":"gs-1","11":"gs-odd","12":"gs-even","13":"gs-featured-content-entry"},"jetpack_featured_media_url":"https:\/\/www.redenoticia.com.br\/noticia\/imagens\/economia1.jpg","jetpack_sharing_enabled":true,"jetpack_likes_enabled":true,"_links":{"self":[{"href":"https:\/\/www.redenoticia.com.br\/noticia\/wp-json\/wp\/v2\/posts\/99422","targetHints":{"allow":["GET"]}}],"collection":[{"href":"https:\/\/www.redenoticia.com.br\/noticia\/wp-json\/wp\/v2\/posts"}],"about":[{"href":"https:\/\/www.redenoticia.com.br\/noticia\/wp-json\/wp\/v2\/types\/post"}],"author":[{"embeddable":true,"href":"https:\/\/www.redenoticia.com.br\/noticia\/wp-json\/wp\/v2\/users\/2"}],"replies":[{"embeddable":true,"href":"https:\/\/www.redenoticia.com.br\/noticia\/wp-json\/wp\/v2\/comments?post=99422"}],"version-history":[{"count":0,"href":"https:\/\/www.redenoticia.com.br\/noticia\/wp-json\/wp\/v2\/posts\/99422\/revisions"}],"wp:featuredmedia":[{"embeddable":true,"href":"https:\/\/www.redenoticia.com.br\/noticia\/wp-json\/wp\/v2\/media\/38938"}],"wp:attachment":[{"href":"https:\/\/www.redenoticia.com.br\/noticia\/wp-json\/wp\/v2\/media?parent=99422"}],"wp:term":[{"taxonomy":"category","embeddable":true,"href":"https:\/\/www.redenoticia.com.br\/noticia\/wp-json\/wp\/v2\/categories?post=99422"},{"taxonomy":"post_tag","embeddable":true,"href":"https:\/\/www.redenoticia.com.br\/noticia\/wp-json\/wp\/v2\/tags?post=99422"}],"curies":[{"name":"wp","href":"https:\/\/api.w.org\/{rel}","templated":true}]}}