{"id":99420,"date":"2016-11-11T06:19:41","date_gmt":"2016-11-11T08:19:41","guid":{"rendered":"http:\/\/www.redenoticia.com.br\/noticia\/?p=99420"},"modified":"2016-11-10T16:20:43","modified_gmt":"2016-11-10T18:20:43","slug":"safra-brasileira-devera-crescer-139-em-2017-diz-ibge","status":"publish","type":"post","link":"https:\/\/www.redenoticia.com.br\/noticia\/2016\/safra-brasileira-devera-crescer-139-em-2017-diz-ibge\/99420","title":{"rendered":"Safra brasileira dever\u00e1 crescer 13,9% em 2017, diz IBGE"},"content":{"rendered":"<p> A <strong><em>safra brasileira<\/em><\/strong> deve fechar 2017 com uma produ\u00e7\u00e3o de 209,4 milh\u00f5es de toneladas de cereais, leguminosas e oleaginosas, 13,9% acima da safra prevista para este ano. Segundo o primeiro progn\u00f3stico para a safra de 2017, divulgado pelo Instituto Brasileiro de Geografia e Estat\u00edstica (IBGE), o maior aumento dever\u00e1 ocorrer no Nordeste (51%).<\/p>\n<p> As demais regi\u00f5es dever\u00e3o ter as seguintes taxas de crescimento de 2016 para 2017: Norte (7%), Sudeste (10,3%), Sul (5,5%) e Centro-Oeste (18,7%).<\/p>\n<p>O IBGE tamb\u00e9m divulgou hoje (10) mais uma estimativa para a safra deste ano. Segundo o Levantamento Sistem\u00e1tico da Produ\u00e7\u00e3o Agr\u00edcola de outubro, 2016 deve fechar com uma produ\u00e7\u00e3o de 183,8 milh\u00f5es de toneladas, uma queda de 12,3% em rela\u00e7\u00e3o a 2015.<\/p>\n<p>As tr\u00eas principais lavouras brasileiras dever\u00e3o ter queda neste ano, em rela\u00e7\u00e3o ao ano passado: soja (-1,5%), arroz (-15,5%) e milho (-25,5%).<\/p>\n<p>A \u00e1rea colhida neste ano tamb\u00e9m deve ser 0,7% inferior \u00e0 do ano passado. Entre as tr\u00eas principais lavouras, apenas a soja fechar\u00e1 o ano com um aumento na \u00e1rea colhida (2,8%). O milho ter\u00e1 queda de 1,3% na \u00e1rea colhida e o arroz, de 10,2%.<\/p>\n<p>Vitor Abdala \u2013 Rep\u00f3rter da Ag\u00eancia Brasil<br \/>\nEdi\u00e7\u00e3o: Maria Claudia<br \/>\n11\/11\/2016<br \/>\n&#8212;<br \/>\nCriada em 2007 para fortalecer o sistema p\u00fablico de comunica\u00e7\u00e3o, a EBC \u00e9 gestora da TV Brasil, TV Brasil Internacional, Ag\u00eancia Brasil, Radioag\u00eancia Nacional e do sistema p\u00fablico de R\u00e1dio, composto por oito emissoras: R\u00e1dio Nacional AM do Rio de Janeiro (1.130 KHz), R\u00e1dio Nacional AM de Bras\u00edlia (980 KHz), Nacional FM de Bras\u00edlia (96,1 MHz), R\u00e1dio MEC AM do Rio de Janeiro (800 KHz), MEC FM do Rio de Janeiro (99,3 MHz), R\u00e1dio Nacional da Amaz\u00f4nia OC (11.780 KHz e 6.180 KHz), R\u00e1dio Nacional AM do Alto Solim\u00f5es (670 KHz) e R\u00e1dio Nacional FM do Alto Solim\u00f5es (96.1 MHz). Por sua independ\u00eancia editorial, os ve\u00edculos p\u00fablicos distinguem-se dos canais estatais ou governamentais. A rede de emissoras produz conte\u00fados diferenciados que a singulariza por espelhar de maneira mais fidedigna a complexidade cultural brasileira, ocupando um espa\u00e7o complementar, n\u00e3o preenchido pelos canais privados.<\/p>\n","protected":false},"excerpt":{"rendered":"<p>A safra brasileira deve fechar 2017 com uma produ\u00e7\u00e3o de 209,4 milh\u00f5es de toneladas de cereais, leguminosas e oleaginosas, 13,9% acima da safra prevista para este ano. Segundo o primeiro progn\u00f3stico para a safra de 2017, divulgado pelo Instituto Brasileiro de Geografia e Estat\u00edstica (IBGE), o maior aumento dever\u00e1 ocorrer no Nordeste (51%). As demais [&hellip;]<\/p>\n","protected":false},"author":2,"featured_media":57585,"comment_status":"open","ping_status":"closed","sticky":false,"template":"","format":"standard","meta":{"_genesis_hide_title":false,"_genesis_hide_breadcrumbs":false,"_genesis_hide_singular_image":false,"_genesis_hide_footer_widgets":false,"_genesis_custom_body_class":"","_genesis_custom_post_class":"","_genesis_layout":"","_jetpack_memberships_contains_paid_content":false,"footnotes":""},"categories":[22,7],"tags":[],"class_list":{"0":"post-99420","1":"post","2":"type-post","3":"status-publish","4":"format-standard","5":"has-post-thumbnail","7":"category-brasil","8":"category-economia","9":"entry","10":"gs-1","11":"gs-odd","12":"gs-even","13":"gs-featured-content-entry"},"jetpack_featured_media_url":"https:\/\/www.redenoticia.com.br\/noticia\/imagens\/analise-economia.jpg","jetpack_sharing_enabled":true,"jetpack_likes_enabled":true,"_links":{"self":[{"href":"https:\/\/www.redenoticia.com.br\/noticia\/wp-json\/wp\/v2\/posts\/99420","targetHints":{"allow":["GET"]}}],"collection":[{"href":"https:\/\/www.redenoticia.com.br\/noticia\/wp-json\/wp\/v2\/posts"}],"about":[{"href":"https:\/\/www.redenoticia.com.br\/noticia\/wp-json\/wp\/v2\/types\/post"}],"author":[{"embeddable":true,"href":"https:\/\/www.redenoticia.com.br\/noticia\/wp-json\/wp\/v2\/users\/2"}],"replies":[{"embeddable":true,"href":"https:\/\/www.redenoticia.com.br\/noticia\/wp-json\/wp\/v2\/comments?post=99420"}],"version-history":[{"count":0,"href":"https:\/\/www.redenoticia.com.br\/noticia\/wp-json\/wp\/v2\/posts\/99420\/revisions"}],"wp:featuredmedia":[{"embeddable":true,"href":"https:\/\/www.redenoticia.com.br\/noticia\/wp-json\/wp\/v2\/media\/57585"}],"wp:attachment":[{"href":"https:\/\/www.redenoticia.com.br\/noticia\/wp-json\/wp\/v2\/media?parent=99420"}],"wp:term":[{"taxonomy":"category","embeddable":true,"href":"https:\/\/www.redenoticia.com.br\/noticia\/wp-json\/wp\/v2\/categories?post=99420"},{"taxonomy":"post_tag","embeddable":true,"href":"https:\/\/www.redenoticia.com.br\/noticia\/wp-json\/wp\/v2\/tags?post=99420"}],"curies":[{"name":"wp","href":"https:\/\/api.w.org\/{rel}","templated":true}]}}