{"id":99417,"date":"2016-11-11T06:16:09","date_gmt":"2016-11-11T08:16:09","guid":{"rendered":"http:\/\/www.redenoticia.com.br\/noticia\/?p=99417"},"modified":"2016-11-10T16:19:07","modified_gmt":"2016-11-10T18:19:07","slug":"saresp-tera-prova-em-braile-e-versao-ampliada-para-deficientes-visuais","status":"publish","type":"post","link":"https:\/\/www.redenoticia.com.br\/noticia\/2016\/saresp-tera-prova-em-braile-e-versao-ampliada-para-deficientes-visuais\/99417","title":{"rendered":"Saresp ter\u00e1 prova em braile e vers\u00e3o ampliada para deficientes visuais"},"content":{"rendered":"<p> Nos pr\u00f3ximos dias 29 e 30 de novembro, a Educa\u00e7\u00e3o aplica uma prova de avalia\u00e7\u00e3o para 1,1 milh\u00e3o de estudantes de todas as regi\u00f5es do Estado de S\u00e3o Paulo. Nesta edi\u00e7\u00e3o, a prova do <strong><em>Saresp<\/em><\/strong> (Sistema de Avalia\u00e7\u00e3o de Rendimento Escolar do Estado de S\u00e3o Paulo) ter\u00e1 vers\u00f5es em braile e ampliada (com caracteres maiores) por disciplina e ano\/s\u00e9rie.<\/p>\n<p>Os estudantes com defici\u00eancias far\u00e3o as provas nas classes e turnos que frequentam na respectiva escola (manh\u00e3, tarde e noite) e ter\u00e3o uma hora a mais para completar a prova, em rela\u00e7\u00e3o ao tempo estipulado. No caso de alunos matriculados no 3\u00ba ano do Ensino Fundamental, o tempo para fazer a prova ser\u00e1 de at\u00e9 4 horas e 30 minutos. J\u00e1 para estudantes do 5\u00ba, 7\u00ba e 9\u00ba anos do Fundamental e da 3\u00aa s\u00e9rie do Ensino M\u00e9dio, o tempo de conclus\u00e3o ser\u00e1 de at\u00e9 tr\u00eas horas.<\/p>\n<p>E caso haja necessidade, a escola ainda poder\u00e1 disponibilizar a esses alunos um profissional para a leitura de textos.<\/p>\n<p>Na avalia\u00e7\u00e3o, ser\u00e1 levado em considera\u00e7\u00e3o o dom\u00ednio das compet\u00eancias e habilidades b\u00e1sicas de L\u00edngua Portuguesa e Matem\u00e1tica, baseadas nas orienta\u00e7\u00f5es expressas no documento &#8220;Matrizes de Refer\u00eancia para a Avalia\u00e7\u00e3o&#8221;.<\/p>\n<p>Dia da Prova<br \/>\nA realiza\u00e7\u00e3o das provas nas escolas ser\u00e1 acompanhada, em cada turno, al\u00e9m do professor aplicador, por representantes de pais de alunos ou respons\u00e1veis, sob a coordena\u00e7\u00e3o do diretor da unidade escolar e fiscais externos, cedidos pela institui\u00e7\u00e3o prestadora de servi\u00e7o contratada, que ter\u00e3o a responsabilidade de zelar pela licitude e transpar\u00eancia do processo.<\/p>\n<p>Ferramenta de avalia\u00e7\u00e3o externa<br \/>\nO Saresp \u00e9 aplicado pela Secretaria da Educa\u00e7\u00e3o com a finalidade de produzir um diagn\u00f3stico da situa\u00e7\u00e3o da escolaridade b\u00e1sica estadual, visando orientar os gestores do ensino no monitoramento das pol\u00edticas voltadas para a melhoria da qualidade educacional. Participam das provas alunos matriculados dos 3\u00ba, 5\u00ba, 7\u00ba (por amostragem) e 9\u00ba anos do Ensino Fundamental, e da 3\u00aa s\u00e9rie do Ensino M\u00e9dio.<\/p>\n<p>Do Portal do Governo do Estado SP<\/p>\n","protected":false},"excerpt":{"rendered":"<p>Nos pr\u00f3ximos dias 29 e 30 de novembro, a Educa\u00e7\u00e3o aplica uma prova de avalia\u00e7\u00e3o para 1,1 milh\u00e3o de estudantes de todas as regi\u00f5es do Estado de S\u00e3o Paulo. Nesta edi\u00e7\u00e3o, a prova do Saresp (Sistema de Avalia\u00e7\u00e3o de Rendimento Escolar do Estado de S\u00e3o Paulo) ter\u00e1 vers\u00f5es em braile e ampliada (com caracteres maiores) [&hellip;]<\/p>\n","protected":false},"author":2,"featured_media":34784,"comment_status":"open","ping_status":"closed","sticky":false,"template":"","format":"standard","meta":{"_genesis_hide_title":false,"_genesis_hide_breadcrumbs":false,"_genesis_hide_singular_image":false,"_genesis_hide_footer_widgets":false,"_genesis_custom_body_class":"","_genesis_custom_post_class":"","_genesis_layout":"","_jetpack_memberships_contains_paid_content":false,"footnotes":""},"categories":[22],"tags":[],"class_list":{"0":"post-99417","1":"post","2":"type-post","3":"status-publish","4":"format-standard","5":"has-post-thumbnail","7":"category-brasil","8":"entry","9":"gs-1","10":"gs-odd","11":"gs-even","12":"gs-featured-content-entry"},"jetpack_featured_media_url":"https:\/\/www.redenoticia.com.br\/noticia\/imagens\/prolibras-foto-Fabiana-Carvalho.jpg","jetpack_sharing_enabled":true,"jetpack_likes_enabled":true,"_links":{"self":[{"href":"https:\/\/www.redenoticia.com.br\/noticia\/wp-json\/wp\/v2\/posts\/99417","targetHints":{"allow":["GET"]}}],"collection":[{"href":"https:\/\/www.redenoticia.com.br\/noticia\/wp-json\/wp\/v2\/posts"}],"about":[{"href":"https:\/\/www.redenoticia.com.br\/noticia\/wp-json\/wp\/v2\/types\/post"}],"author":[{"embeddable":true,"href":"https:\/\/www.redenoticia.com.br\/noticia\/wp-json\/wp\/v2\/users\/2"}],"replies":[{"embeddable":true,"href":"https:\/\/www.redenoticia.com.br\/noticia\/wp-json\/wp\/v2\/comments?post=99417"}],"version-history":[{"count":0,"href":"https:\/\/www.redenoticia.com.br\/noticia\/wp-json\/wp\/v2\/posts\/99417\/revisions"}],"wp:featuredmedia":[{"embeddable":true,"href":"https:\/\/www.redenoticia.com.br\/noticia\/wp-json\/wp\/v2\/media\/34784"}],"wp:attachment":[{"href":"https:\/\/www.redenoticia.com.br\/noticia\/wp-json\/wp\/v2\/media?parent=99417"}],"wp:term":[{"taxonomy":"category","embeddable":true,"href":"https:\/\/www.redenoticia.com.br\/noticia\/wp-json\/wp\/v2\/categories?post=99417"},{"taxonomy":"post_tag","embeddable":true,"href":"https:\/\/www.redenoticia.com.br\/noticia\/wp-json\/wp\/v2\/tags?post=99417"}],"curies":[{"name":"wp","href":"https:\/\/api.w.org\/{rel}","templated":true}]}}