{"id":99410,"date":"2016-11-11T06:14:01","date_gmt":"2016-11-11T08:14:01","guid":{"rendered":"http:\/\/www.redenoticia.com.br\/noticia\/?p=99410"},"modified":"2016-11-10T16:14:50","modified_gmt":"2016-11-10T18:14:50","slug":"fapesp-e-innovation-fund-denmark-lancam-nova-chamada","status":"publish","type":"post","link":"https:\/\/www.redenoticia.com.br\/noticia\/2016\/fapesp-e-innovation-fund-denmark-lancam-nova-chamada\/99410","title":{"rendered":"FAPESP e Innovation Fund Denmark lan\u00e7am nova chamada"},"content":{"rendered":"<p> Ag\u00eancia FAPESP \u2013 A FAPESP e o Innovation Fund Denmark (IFD) anunciaram nova chamada conjunta de <strong><em>propostas de pesquisas<\/em><\/strong>. Podem submeter propostas pesquisadores que trabalhem na \u00e1rea de Ci\u00eancia dos Alimentos, vinculados a universidades, institui\u00e7\u00f5es de pesquisa ou empresas p\u00fablicas e privadas, no Estado de S\u00e3o Paulo e na Dinamarca.<\/p>\n<p>A FAPESP e o IFD financiar\u00e3o conjuntamente at\u00e9 quatro projetos, com um valor total de at\u00e9 cerca de US$ 2,96 milh\u00f5es para os selecionados.<\/p>\n<p>O financiamento poder\u00e1 cobrir despesas de fomento \u00e0 pesquisa e viagens (material de consumo, equipamentos, treinamento, passagens, seguro-sa\u00fade e di\u00e1rias para manuten\u00e7\u00e3o), de acordo com as diretrizes de cada ag\u00eancia de fomento.<\/p>\n<p>No Estado de S\u00e3o Paulo, s\u00e3o eleg\u00edveis pesquisadores que atendam aos crit\u00e9rios da FAPESP para submiss\u00e3o de propostas nas modalidades Projeto Tem\u00e1tico (projetos de 48 meses de dura\u00e7\u00e3o) ou Aux\u00edlio \u00e0 Pesquisa Regular (at\u00e9 36 meses) \u2013 n\u00e3o prorrog\u00e1veis, nos dois casos.<\/p>\n<p>Na Dinamarca, a chamada est\u00e1 aberta a qualquer proponente dinamarqu\u00eas que atenda aos crit\u00e9rios de elegibilidade do IFD.<\/p>\n<p>As propostas devem ser elaboradas em conjunto pelos pesquisadores brasileiros e dinamarqueses e devem refletir uma parceria pr\u00f3xima. Espera-se que as atividades de pesquisa propostas sejam igualmente desenvolvidas por ambos os parceiros, com o volume de trabalho e a contribui\u00e7\u00e3o intelectual equilibrados entre os pesquisadores paulistas e dinamarqueses.<\/p>\n<p>Em ambos os lados \u00e9 essencial oferecer solu\u00e7\u00f5es no campo da Ci\u00eancia dos Alimentos, abrangendo temas relacionados a \u201cBiorrefinaria\u201d e\/ou \u201cAlimentos e Sa\u00fade\u201d.<\/p>\n<p>A chamada est\u00e1 aberta a propostas de pesquisa conjuntas nos seguintes t\u00f3picos:<\/p>\n<p>&#8211; Novas fontes de compostos bioativos e novos ingredientes funcionais e para fortifica\u00e7\u00e3o de alimentos.<\/p>\n<p>&#8211; Produtos biol\u00f3gicos n\u00e3o alimentares derivados de res\u00edduos.<\/p>\n<p>&#8211; Alimentos\/refei\u00e7\u00f5es saud\u00e1veis e sustent\u00e1veis baseados em componentes de origem animal, marinha ou vegetal, produzidos empregando novas tecnologias emergentes.<\/p>\n<p>&#8211; Pesquisa inovadora em agricultura, produ\u00e7\u00e3o de alimentos, processamento de alimentos e outros processos biol\u00f3gicos com base em, por exemplo, tecnologias da informa\u00e7\u00e3o e comunica\u00e7\u00e3o, rob\u00f3tica, nanotecnologia, biotecnologia ou inova\u00e7\u00e3o direcionada ao consumidor.<\/p>\n<p>&#8211; Melhoria no valor agregado da cadeia do alimento pela utiliza\u00e7\u00e3o eficiente e sustent\u00e1vel dos recursos naturais, m\u00e9todos de produ\u00e7\u00e3o, sistemas e processos e tecnologias que minimizem o desperd\u00edcio.<\/p>\n<p>&#8211; Pesquisa em aspectos de seguran\u00e7a e qualidade alimentar relacionados a produtos alimentares perec\u00edveis.<\/p>\n<p>&#8211; Rela\u00e7\u00e3o entre dieta e estilo de vida, incluindo fatores determinados por mudan\u00e7as no trabalho e lazer; a intera\u00e7\u00e3o entre dieta e genes; o desenvolvimento de melhores e bem fundamentadas recomenda\u00e7\u00f5es diet\u00e9ticas que ir\u00e3o contribuir individualmente ou em conjunto para a melhoria da sa\u00fade em n\u00edvel individual, de grupo e do pa\u00eds.<\/p>\n<p>O prazo para envio dos documentos para verifica\u00e7\u00e3o de elegibilidade aos pesquisadores do Estado de S\u00e3o Paulo interessados em participar da chamada termina em 25 de novembro de 2016.<\/p>\n<p>A chamada est\u00e1 publicada em: .<\/p>\n","protected":false},"excerpt":{"rendered":"<p>Ag\u00eancia FAPESP \u2013 A FAPESP e o Innovation Fund Denmark (IFD) anunciaram nova chamada conjunta de propostas de pesquisas. Podem submeter propostas pesquisadores que trabalhem na \u00e1rea de Ci\u00eancia dos Alimentos, vinculados a universidades, institui\u00e7\u00f5es de pesquisa ou empresas p\u00fablicas e privadas, no Estado de S\u00e3o Paulo e na Dinamarca. A FAPESP e o IFD [&hellip;]<\/p>\n","protected":false},"author":2,"featured_media":28951,"comment_status":"open","ping_status":"closed","sticky":false,"template":"","format":"standard","meta":{"_genesis_hide_title":false,"_genesis_hide_breadcrumbs":false,"_genesis_hide_singular_image":false,"_genesis_hide_footer_widgets":false,"_genesis_custom_body_class":"","_genesis_custom_post_class":"","_genesis_layout":"","_jetpack_memberships_contains_paid_content":false,"footnotes":""},"categories":[22,370,353],"tags":[],"class_list":{"0":"post-99410","1":"post","2":"type-post","3":"status-publish","4":"format-standard","5":"has-post-thumbnail","7":"category-brasil","8":"category-inscricao","9":"category-oportunidades","10":"entry","11":"gs-1","12":"gs-odd","13":"gs-even","14":"gs-featured-content-entry"},"jetpack_featured_media_url":"https:\/\/www.redenoticia.com.br\/noticia\/imagens\/concurso-inscricao-vagas-ate.jpg","jetpack_sharing_enabled":true,"jetpack_likes_enabled":true,"_links":{"self":[{"href":"https:\/\/www.redenoticia.com.br\/noticia\/wp-json\/wp\/v2\/posts\/99410","targetHints":{"allow":["GET"]}}],"collection":[{"href":"https:\/\/www.redenoticia.com.br\/noticia\/wp-json\/wp\/v2\/posts"}],"about":[{"href":"https:\/\/www.redenoticia.com.br\/noticia\/wp-json\/wp\/v2\/types\/post"}],"author":[{"embeddable":true,"href":"https:\/\/www.redenoticia.com.br\/noticia\/wp-json\/wp\/v2\/users\/2"}],"replies":[{"embeddable":true,"href":"https:\/\/www.redenoticia.com.br\/noticia\/wp-json\/wp\/v2\/comments?post=99410"}],"version-history":[{"count":0,"href":"https:\/\/www.redenoticia.com.br\/noticia\/wp-json\/wp\/v2\/posts\/99410\/revisions"}],"wp:featuredmedia":[{"embeddable":true,"href":"https:\/\/www.redenoticia.com.br\/noticia\/wp-json\/wp\/v2\/media\/28951"}],"wp:attachment":[{"href":"https:\/\/www.redenoticia.com.br\/noticia\/wp-json\/wp\/v2\/media?parent=99410"}],"wp:term":[{"taxonomy":"category","embeddable":true,"href":"https:\/\/www.redenoticia.com.br\/noticia\/wp-json\/wp\/v2\/categories?post=99410"},{"taxonomy":"post_tag","embeddable":true,"href":"https:\/\/www.redenoticia.com.br\/noticia\/wp-json\/wp\/v2\/tags?post=99410"}],"curies":[{"name":"wp","href":"https:\/\/api.w.org\/{rel}","templated":true}]}}