{"id":99372,"date":"2016-11-10T20:55:01","date_gmt":"2016-11-10T22:55:01","guid":{"rendered":"http:\/\/www.redenoticia.com.br\/noticia\/?p=99372"},"modified":"2016-11-10T21:23:06","modified_gmt":"2016-11-10T23:23:06","slug":"novela-a-lei-do-amor-resumo-1111-ana-luiza-resolve-contar-tudo-para-pedro","status":"publish","type":"post","link":"https:\/\/www.redenoticia.com.br\/noticia\/2016\/novela-a-lei-do-amor-resumo-1111-ana-luiza-resolve-contar-tudo-para-pedro\/99372","title":{"rendered":"Novela \u201cA Lei do Amor\u201d resumo 11\/11: Pedro enfrenta Magn\u00f3lia"},"content":{"rendered":"<p><img loading=\"lazy\" decoding=\"async\" class=\"alignleft size-thumbnail wp-image-94887\" src=\"https:\/\/www.redenoticia.com.br\/noticia\/imagens\/a_lei_do_amor_resumo_novela_globo-150x112.jpg\" alt=\"a_lei_do_amor_resumo_novela_globo\" width=\"150\" height=\"112\" srcset=\"https:\/\/www.redenoticia.com.br\/noticia\/imagens\/a_lei_do_amor_resumo_novela_globo-150x112.jpg 150w, https:\/\/www.redenoticia.com.br\/noticia\/imagens\/a_lei_do_amor_resumo_novela_globo-265x198.jpg 265w\" sizes=\"auto, (max-width: 150px) 100vw, 150px\" \/><strong><em>Novela \u201cA Lei do Amor\u201d resumo 11\/11<\/em><\/strong>:\u00a0Ti\u00e3o decide curtir uma noite um tanto quanto diferente. Depois de jantar comida t\u00edpica nordestina, ele se joga no arrasta p\u00e9 com\u00a0Leila, a empregada de\u00a0M\u00e1g. No dia seguinte, Leila conta \u00e0 patroa que Ti\u00e3o passou a noite a dan\u00e7ar forr\u00f3 com ela. Para piorar o dia de Magn\u00f3lia, Ana Luiza a enfrenta ao ouv\u00ed-la criticar seu namoro com Elio. A briga termina em agress\u00e3o. Ana Luiza resolve contar tudo para Pedro, que decide morar na casa da fam\u00edlia. Ent\u00e3o, Pedro entra na mans\u00e3o, avisa a Magn\u00f3lia que voltou para ficar. Esta fica furiosa quando Pedro diz que pretende acompanhar de perto os cuidados de Fausto. <\/p>\n<p>No cap\u00edtulo 035(*), novela \u201cA Lei do Amor\u201d, sexta-feira, 11 de novembro \u2013 Ti\u00e3o insinua\u00a0a Pedro que\u00a0Hel\u00f4\u00a0esconde\u00a0informa\u00e7\u00f5es\u00a0dele. Tiago revela a Magn\u00f3lia que\u00a0est\u00e1 apaixonado.\u00a0Vit\u00f3ria confessa a\u00a0Padre Paulo que Ciro\u00a0atentou contra sua vida. Zuza\u00a0defende Magn\u00f3lia, ao ouvir Marc\u00e3o e Sans\u00e3o\u00a0a acusarem\u00a0de corrup\u00e7\u00e3o. Ana Luiza diz a Tiago que ele n\u00e3o deveria ter aberto m\u00e3o da tecelagem. Aline\u00a0beija Tiago\u00a0e declara sua paix\u00e3o.<\/p>\n<p>Leila conta a Magn\u00f3lia que Ti\u00e3o passou a noite dan\u00e7ando forr\u00f3 com ela. Aline conta a Magn\u00f3lia que Tiago est\u00e1 apaixonado por uma gar\u00e7onete. Pedro entra na mans\u00e3o, avisando a Magn\u00f3lia que voltou para ficar. Pedro avisa a Magn\u00f3lia que voltou para cuidar do pai e de Ana Luiza. Pedro avisa a J\u00e1der que passar\u00e1 a custear o tratamento do pai.\u00a0Pascoal sugere a H\u00e9rcules que\u00a0Mileide\u00a0seja sua\u00a0candidata\u00a0a\u00a0vice. Salete revela a Flavia que est\u00e1 sofrendo pelo mal que J\u00e9ssica lhe fez. <\/p>\n<p>O pedido de cassa\u00e7\u00e3o de Venturini \u00e9 aprovado no Senado. Camila ajuda J\u00e9ssica a fugir. Vit\u00f3ria entra em p\u00e2nico ao ver Aline entrar em seu quarto no hospital, mas \u00e9 tranquilizada pela chegada de Augusto. Isabela avisa a Tiago que ele corre\u00a0perigo, ficando\u00a0a\u00a0seu\u00a0lado. Magn\u00f3lia conta a Ti\u00e3o que Tiago est\u00e1 com Isabela. Salete aconselha Rodney a voltar para a mulher. Ciro flagra Augusto no quarto de Vit\u00f3ria.\u00a0Hel\u00f4\u00a0revela a Pedro que eles t\u00eam um filho juntos.<\/p>\n<p>(*) edi\u00e7\u00e3o da Rede Globo, Novela \u201cA Lei do Amor\u201d, sujeito a altera\u00e7\u00e3o de data e conte\u00fado.<\/p>\n","protected":false},"excerpt":{"rendered":"<p>Novela \u201cA Lei do Amor\u201d resumo 11\/11:\u00a0Ti\u00e3o decide curtir uma noite um tanto quanto diferente. Depois de jantar comida t\u00edpica nordestina, ele se joga no arrasta p\u00e9 com\u00a0Leila, a empregada de\u00a0M\u00e1g. No dia seguinte, Leila conta \u00e0 patroa que Ti\u00e3o passou a noite a dan\u00e7ar forr\u00f3 com ela. Para piorar o dia de Magn\u00f3lia, Ana [&hellip;]<\/p>\n","protected":false},"author":4,"featured_media":94887,"comment_status":"open","ping_status":"closed","sticky":false,"template":"","format":"standard","meta":{"_genesis_hide_title":false,"_genesis_hide_breadcrumbs":false,"_genesis_hide_singular_image":false,"_genesis_hide_footer_widgets":false,"_genesis_custom_body_class":"","_genesis_custom_post_class":"","_genesis_layout":"","_jetpack_memberships_contains_paid_content":false,"footnotes":""},"categories":[379,375,343],"tags":[441],"class_list":{"0":"post-99372","1":"post","2":"type-post","3":"status-publish","4":"format-standard","5":"has-post-thumbnail","7":"category-novelas","8":"category-rede-globo","9":"category-televisao","10":"tag-resumo-do-dia","11":"entry","12":"gs-1","13":"gs-odd","14":"gs-even","15":"gs-featured-content-entry"},"jetpack_featured_media_url":"https:\/\/www.redenoticia.com.br\/noticia\/imagens\/a_lei_do_amor_resumo_novela_globo.jpg","jetpack_sharing_enabled":true,"jetpack_likes_enabled":true,"_links":{"self":[{"href":"https:\/\/www.redenoticia.com.br\/noticia\/wp-json\/wp\/v2\/posts\/99372","targetHints":{"allow":["GET"]}}],"collection":[{"href":"https:\/\/www.redenoticia.com.br\/noticia\/wp-json\/wp\/v2\/posts"}],"about":[{"href":"https:\/\/www.redenoticia.com.br\/noticia\/wp-json\/wp\/v2\/types\/post"}],"author":[{"embeddable":true,"href":"https:\/\/www.redenoticia.com.br\/noticia\/wp-json\/wp\/v2\/users\/4"}],"replies":[{"embeddable":true,"href":"https:\/\/www.redenoticia.com.br\/noticia\/wp-json\/wp\/v2\/comments?post=99372"}],"version-history":[{"count":0,"href":"https:\/\/www.redenoticia.com.br\/noticia\/wp-json\/wp\/v2\/posts\/99372\/revisions"}],"wp:featuredmedia":[{"embeddable":true,"href":"https:\/\/www.redenoticia.com.br\/noticia\/wp-json\/wp\/v2\/media\/94887"}],"wp:attachment":[{"href":"https:\/\/www.redenoticia.com.br\/noticia\/wp-json\/wp\/v2\/media?parent=99372"}],"wp:term":[{"taxonomy":"category","embeddable":true,"href":"https:\/\/www.redenoticia.com.br\/noticia\/wp-json\/wp\/v2\/categories?post=99372"},{"taxonomy":"post_tag","embeddable":true,"href":"https:\/\/www.redenoticia.com.br\/noticia\/wp-json\/wp\/v2\/tags?post=99372"}],"curies":[{"name":"wp","href":"https:\/\/api.w.org\/{rel}","templated":true}]}}