{"id":99328,"date":"2016-11-10T06:51:35","date_gmt":"2016-11-10T08:51:35","guid":{"rendered":"http:\/\/www.redenoticia.com.br\/noticia\/?p=99328"},"modified":"2016-11-09T18:52:52","modified_gmt":"2016-11-09T20:52:52","slug":"governo-lanca-programa-para-estimular-reforma-de-casas-e-geracao-de-empregos","status":"publish","type":"post","link":"https:\/\/www.redenoticia.com.br\/noticia\/2016\/governo-lanca-programa-para-estimular-reforma-de-casas-e-geracao-de-empregos\/99328","title":{"rendered":"Governo lan\u00e7a programa para estimular reforma de casas e gera\u00e7\u00e3o de empregos"},"content":{"rendered":"<p> Com o objetivo de auxiliar fam\u00edlias de baixa renda e alavancar os empregos na constru\u00e7\u00e3o civil, o governo federal lan\u00e7ou o <strong><em>Cart\u00e3o Reforma<\/em><\/strong>. O programa vai oferecer R$ 5 mil, em m\u00e9dia, a pessoas que pretendem reformar suas resid\u00eancias. O benef\u00edcio deve come\u00e7ar a ser concedido em 2017 a fam\u00edlias com renda bruta de at\u00e9 R$ 1,8 mil mensais para a compra de materiais de constru\u00e7\u00e3o.<\/p>\n<p>Segundo o Minist\u00e9rio das Cidades, 7,8 milh\u00f5es de resid\u00eancias brasileiras precisam ser reformadas, das quais 3,8 milh\u00f5es pertencem a fam\u00edlias cujo sal\u00e1rio se adequa aos crit\u00e9rios do programa. Para o or\u00e7amento de 2017 est\u00e3o reservados ao programa R$ 500 milh\u00f5es.<\/p>\n<p>Durante o lan\u00e7amento, ocorrido no Pal\u00e1cio do Planalto, o presidente Michel Temer defendeu a gera\u00e7\u00e3o de empregos e disse que o cart\u00e3o tem o objetivo de \u201cfazer com que a pessoa tenha cada vez mais condi\u00e7\u00f5es mais dignas\u201d.<\/p>\n<p>\u201cN\u00e3o h\u00e1 outra f\u00f3rmula de gerar emprego sen\u00e3o incentivar a iniciativa privada. Quando milhares de pessoas v\u00e3o \u00e0s lojas de material de constru\u00e7\u00e3o, elas est\u00e3o contratando empregados\u201d, afirmou.<\/p>\n<p>O ministro das Cidades, Bruno Ara\u00fajo, disse que os estados e munic\u00edpios ser\u00e3o respons\u00e1veis por selecionar as \u00e1reas e identificar as fam\u00edlias que tenham interesse em aderir ao Cart\u00e3o Reforma. \u201cO programa vai cuidar de brasileiros que ao longo dos anos conseguiram construir a sua habita\u00e7\u00e3o com grande sacrif\u00edcio, mas s\u00e3o ainda prec\u00e1rias e sem condi\u00e7\u00f5es de desenvolver com qualidade o futuro das suas fam\u00edlias\u201d, detalhou.<\/p>\n<p>A contrapartida, de acordo com a pasta, \u00e9 que os benefici\u00e1rios sejam respons\u00e1veis pela m\u00e3o de obra, orientados por t\u00e9cnicos oferecidos pelos governos. \u201cRecebendo 15% dos recursos do programa, os estados e munic\u00edpios v\u00e3o contratar, atrav\u00e9s da assist\u00eancia t\u00e9cnica, arquitetos, engenheiros, urbanistas e demais profissionais para auxiliar as fam\u00edlias\u201d, informou Bruno Ara\u00fajo.<\/p>\n<p>Estimular a ind\u00fastria e gerar emprego est\u00e3o entre as metas do Pal\u00e1cio do Planalto com o lan\u00e7amento do programa.<\/p>\n<p>Para o presidente da Associa\u00e7\u00e3o Brasileira da Ind\u00fastria de Materiais de Constru\u00e7\u00e3o, Valter Cover, o setor acumulou uma \u201calta perda de mercado\u201d nos \u00faltimos tr\u00eas anos.<\/p>\n<p>\u201cO programa vai atender cada vez mais um segmento muito relevante da economia, al\u00e9m de ter um forte componente social, por ser destinado a fam\u00edlias de baixa renda. Sabemos que para a plena recupera\u00e7\u00e3o do setor, n\u00e3o h\u00e1 \u00fanica &#8216;bala de prata&#8217;. S\u00e3o dezenas de projetos que ter\u00e3o que se consolidar para que possamos retomar o crescimento do setor\u201d, afirmou na cerim\u00f4nia.<\/p>\n<p>Os benefici\u00e1rios do programa n\u00e3o ser\u00e3o obrigados a comprar os materiais em uma loja espec\u00edfica. Eles poder\u00e3o escolher o estabelecimento de sua prefer\u00eancia.<\/p>\n<p>O presidente da Associa\u00e7\u00e3o Nacional de Comerciantes de Materiais de Constru\u00e7\u00e3o, Cl\u00e1udio Elias Conz, destacou a presen\u00e7a na cerim\u00f4nia de cerca de 150 lideran\u00e7as do com\u00e9rcio e defendeu a import\u00e2ncia dos empregos para o setor. \u201cLata de tinta n\u00e3o \u00e9 nada sem o pintor\u201d, disse, informando ainda que atualmente existem 140 mil lojas em todos os munic\u00edpios brasileiros.<\/p>\n<p>Paulo Victor Chagas e Pedro Peduzzi \u2013 Rep\u00f3rteres da Ag\u00eancia Brasil<br \/>\nEdi\u00e7\u00e3o: L\u00edlian Beraldo<br \/>\n10\/11\/2016<\/p>\n","protected":false},"excerpt":{"rendered":"<p>Com o objetivo de auxiliar fam\u00edlias de baixa renda e alavancar os empregos na constru\u00e7\u00e3o civil, o governo federal lan\u00e7ou o Cart\u00e3o Reforma. O programa vai oferecer R$ 5 mil, em m\u00e9dia, a pessoas que pretendem reformar suas resid\u00eancias. O benef\u00edcio deve come\u00e7ar a ser concedido em 2017 a fam\u00edlias com renda bruta de at\u00e9 [&hellip;]<\/p>\n","protected":false},"author":2,"featured_media":27763,"comment_status":"open","ping_status":"closed","sticky":false,"template":"","format":"standard","meta":{"_genesis_hide_title":false,"_genesis_hide_breadcrumbs":false,"_genesis_hide_singular_image":false,"_genesis_hide_footer_widgets":false,"_genesis_custom_body_class":"","_genesis_custom_post_class":"","_genesis_layout":"","_jetpack_memberships_contains_paid_content":false,"footnotes":""},"categories":[22,7],"tags":[],"class_list":{"0":"post-99328","1":"post","2":"type-post","3":"status-publish","4":"format-standard","5":"has-post-thumbnail","7":"category-brasil","8":"category-economia","9":"entry","10":"gs-1","11":"gs-odd","12":"gs-even","13":"gs-featured-content-entry"},"jetpack_featured_media_url":"https:\/\/www.redenoticia.com.br\/noticia\/imagens\/Construcao-da-creche-do-Parque-Sao-Pedro-em-Ji-Parana.jpg","jetpack_sharing_enabled":true,"jetpack_likes_enabled":true,"_links":{"self":[{"href":"https:\/\/www.redenoticia.com.br\/noticia\/wp-json\/wp\/v2\/posts\/99328","targetHints":{"allow":["GET"]}}],"collection":[{"href":"https:\/\/www.redenoticia.com.br\/noticia\/wp-json\/wp\/v2\/posts"}],"about":[{"href":"https:\/\/www.redenoticia.com.br\/noticia\/wp-json\/wp\/v2\/types\/post"}],"author":[{"embeddable":true,"href":"https:\/\/www.redenoticia.com.br\/noticia\/wp-json\/wp\/v2\/users\/2"}],"replies":[{"embeddable":true,"href":"https:\/\/www.redenoticia.com.br\/noticia\/wp-json\/wp\/v2\/comments?post=99328"}],"version-history":[{"count":0,"href":"https:\/\/www.redenoticia.com.br\/noticia\/wp-json\/wp\/v2\/posts\/99328\/revisions"}],"wp:featuredmedia":[{"embeddable":true,"href":"https:\/\/www.redenoticia.com.br\/noticia\/wp-json\/wp\/v2\/media\/27763"}],"wp:attachment":[{"href":"https:\/\/www.redenoticia.com.br\/noticia\/wp-json\/wp\/v2\/media?parent=99328"}],"wp:term":[{"taxonomy":"category","embeddable":true,"href":"https:\/\/www.redenoticia.com.br\/noticia\/wp-json\/wp\/v2\/categories?post=99328"},{"taxonomy":"post_tag","embeddable":true,"href":"https:\/\/www.redenoticia.com.br\/noticia\/wp-json\/wp\/v2\/tags?post=99328"}],"curies":[{"name":"wp","href":"https:\/\/api.w.org\/{rel}","templated":true}]}}