{"id":99324,"date":"2016-11-10T06:49:20","date_gmt":"2016-11-10T08:49:20","guid":{"rendered":"http:\/\/www.redenoticia.com.br\/noticia\/?p=99324"},"modified":"2016-11-09T18:50:24","modified_gmt":"2016-11-09T20:50:24","slug":"entrada-de-dolares-no-pais-supera-saida-em-us-87-bi","status":"publish","type":"post","link":"https:\/\/www.redenoticia.com.br\/noticia\/2016\/entrada-de-dolares-no-pais-supera-saida-em-us-87-bi\/99324","title":{"rendered":"Entrada de d\u00f3lares no pa\u00eds supera sa\u00edda em US$ 8,7 bi"},"content":{"rendered":"<p> <strong><em>Entrada de d\u00f3lares no pa\u00eds<\/em><\/strong>: mais d\u00f3lares entraram no pa\u00eds do que sa\u00edram em outubro, segundo dados do Banco Central (BC). O resultado positivo ficou em US$ 8,784 bilh\u00f5es. J\u00e1 nos tr\u00eas primeiros dias \u00fateis de novembro, o resultado positivo foi revertido com mais sa\u00eddas do que entradas em US$ 334 milh\u00f5es.<\/p>\n<p>De janeiro a 4 de outubro, o saldo \u00e9 negativo: US$ 7,310 bilh\u00f5es. Nesse per\u00edodo, o fluxo financeiro (investimentos em t\u00edtulos, remessas de lucros e dividendos ao exterior e investimentos estrangeiros diretos, entre outras opera\u00e7\u00f5es) ficou negativo em US$ 43,727 bilh\u00f5es. J\u00e1 o fluxo comercial (opera\u00e7\u00f5es de c\u00e2mbio relacionadas a exporta\u00e7\u00f5es e importa\u00e7\u00f5es) teve saldo positivo de US$ 36,417 bilh\u00f5es.<\/p>\n<p>Somente em outubro, o fluxo financeiro ficou positivo em US$ 6,128 bilh\u00f5es e o comercial em US$ 2,657 bilh\u00f5es. O fluxo financeiro foi influenciado em outubro pela entrada de d\u00f3lares para pagar multa e imposto da regulariza\u00e7\u00e3o de bens no exterior \u2013 \u00e9 a Lei da Repatria\u00e7\u00e3o.<\/p>\n<p>Kelly Oliveira &#8211; Rep\u00f3rter da Ag\u00eancia Brasil<br \/>\nEdi\u00e7\u00e3o: Kleber Sampaio<br \/>\n10\/11\/2016<\/p>\n","protected":false},"excerpt":{"rendered":"<p>Entrada de d\u00f3lares no pa\u00eds: mais d\u00f3lares entraram no pa\u00eds do que sa\u00edram em outubro, segundo dados do Banco Central (BC). O resultado positivo ficou em US$ 8,784 bilh\u00f5es. J\u00e1 nos tr\u00eas primeiros dias \u00fateis de novembro, o resultado positivo foi revertido com mais sa\u00eddas do que entradas em US$ 334 milh\u00f5es. De janeiro a [&hellip;]<\/p>\n","protected":false},"author":2,"featured_media":57585,"comment_status":"open","ping_status":"closed","sticky":false,"template":"","format":"standard","meta":{"_genesis_hide_title":false,"_genesis_hide_breadcrumbs":false,"_genesis_hide_singular_image":false,"_genesis_hide_footer_widgets":false,"_genesis_custom_body_class":"","_genesis_custom_post_class":"","_genesis_layout":"","_jetpack_memberships_contains_paid_content":false,"footnotes":""},"categories":[22,7],"tags":[],"class_list":{"0":"post-99324","1":"post","2":"type-post","3":"status-publish","4":"format-standard","5":"has-post-thumbnail","7":"category-brasil","8":"category-economia","9":"entry","10":"gs-1","11":"gs-odd","12":"gs-even","13":"gs-featured-content-entry"},"jetpack_featured_media_url":"https:\/\/www.redenoticia.com.br\/noticia\/imagens\/analise-economia.jpg","jetpack_sharing_enabled":true,"jetpack_likes_enabled":true,"_links":{"self":[{"href":"https:\/\/www.redenoticia.com.br\/noticia\/wp-json\/wp\/v2\/posts\/99324","targetHints":{"allow":["GET"]}}],"collection":[{"href":"https:\/\/www.redenoticia.com.br\/noticia\/wp-json\/wp\/v2\/posts"}],"about":[{"href":"https:\/\/www.redenoticia.com.br\/noticia\/wp-json\/wp\/v2\/types\/post"}],"author":[{"embeddable":true,"href":"https:\/\/www.redenoticia.com.br\/noticia\/wp-json\/wp\/v2\/users\/2"}],"replies":[{"embeddable":true,"href":"https:\/\/www.redenoticia.com.br\/noticia\/wp-json\/wp\/v2\/comments?post=99324"}],"version-history":[{"count":0,"href":"https:\/\/www.redenoticia.com.br\/noticia\/wp-json\/wp\/v2\/posts\/99324\/revisions"}],"wp:featuredmedia":[{"embeddable":true,"href":"https:\/\/www.redenoticia.com.br\/noticia\/wp-json\/wp\/v2\/media\/57585"}],"wp:attachment":[{"href":"https:\/\/www.redenoticia.com.br\/noticia\/wp-json\/wp\/v2\/media?parent=99324"}],"wp:term":[{"taxonomy":"category","embeddable":true,"href":"https:\/\/www.redenoticia.com.br\/noticia\/wp-json\/wp\/v2\/categories?post=99324"},{"taxonomy":"post_tag","embeddable":true,"href":"https:\/\/www.redenoticia.com.br\/noticia\/wp-json\/wp\/v2\/tags?post=99324"}],"curies":[{"name":"wp","href":"https:\/\/api.w.org\/{rel}","templated":true}]}}