{"id":99322,"date":"2016-11-10T06:47:52","date_gmt":"2016-11-10T08:47:52","guid":{"rendered":"http:\/\/www.redenoticia.com.br\/noticia\/?p=99322"},"modified":"2016-11-09T18:49:15","modified_gmt":"2016-11-09T20:49:15","slug":"alimentos-tem-queda-de-precos-de-005-em-outubro","status":"publish","type":"post","link":"https:\/\/www.redenoticia.com.br\/noticia\/2016\/alimentos-tem-queda-de-precos-de-005-em-outubro\/99322","title":{"rendered":"Alimentos t\u00eam queda de pre\u00e7os de 0,05% em outubro"},"content":{"rendered":"<p> Os alimentos tiveram uma queda de pre\u00e7os (defla\u00e7\u00e3o) de 0,05% em outubro. \u00c9 a segunda <strong><em>defla\u00e7\u00e3o<\/em><\/strong> consecutiva registrada por esse grupo de despesas, j\u00e1 que em setembro os alimentos tiveram um recuo de pre\u00e7os de 0,29%. Os dados, do \u00cdndice Nacional de Pre\u00e7os ao Consumidor Amplo (IPCA), foram divulgados pelo Instituto Brasileiro de Geografia e Estat\u00edstica (IBGE).<\/p>\n<p>Entre os principais respons\u00e1veis pela queda de pre\u00e7os dos alimentos est\u00e3o o leite longa vida (com taxa de -10,68%), feij\u00e3o-carioca (-8,79%), cebola (-6,48%), ovos (-4,77%), hortali\u00e7as (-4,45%), feij\u00e3o-preto (-1,56%) e cafezinho (-1,07%).<\/p>\n<p>Apesar disso, as carnes tiveram aumento de pre\u00e7os de 2,64% no m\u00eas e formam o item individual que teve mais impacto na taxa de 0,26% do IPCA, a infla\u00e7\u00e3o oficial, em outubro.<\/p>\n<p>Artigos de resid\u00eancia t\u00eam defla\u00e7\u00e3o<\/p>\n<p>Outro grupo de despesas que registrou defla\u00e7\u00e3o foi o de artigos de resid\u00eancia, com queda de pre\u00e7os de 0,13% em outubro, depois de j\u00e1 ter tido redu\u00e7\u00e3o de pre\u00e7os de 0,23% em setembro.<\/p>\n<p>Os transportes tiveram a maior taxa de infla\u00e7\u00e3o entre os grupos de despesas (0,75%), resultado influenciado principalmente pelos aumentos de pre\u00e7os do etanol (6,09%), da gasolina (1,22%) e das passagens a\u00e9reas (10,06%).<\/p>\n<p>Vitor Abdala \u2013 Rep\u00f3rter da Ag\u00eancia Brasil<br \/>\nEdi\u00e7\u00e3o: Kleber Sampaio<br \/>\n10\/11\/2016<\/p>\n","protected":false},"excerpt":{"rendered":"<p>Os alimentos tiveram uma queda de pre\u00e7os (defla\u00e7\u00e3o) de 0,05% em outubro. \u00c9 a segunda defla\u00e7\u00e3o consecutiva registrada por esse grupo de despesas, j\u00e1 que em setembro os alimentos tiveram um recuo de pre\u00e7os de 0,29%. Os dados, do \u00cdndice Nacional de Pre\u00e7os ao Consumidor Amplo (IPCA), foram divulgados pelo Instituto Brasileiro de Geografia e [&hellip;]<\/p>\n","protected":false},"author":2,"featured_media":36215,"comment_status":"open","ping_status":"closed","sticky":false,"template":"","format":"standard","meta":{"_genesis_hide_title":false,"_genesis_hide_breadcrumbs":false,"_genesis_hide_singular_image":false,"_genesis_hide_footer_widgets":false,"_genesis_custom_body_class":"","_genesis_custom_post_class":"","_genesis_layout":"","_jetpack_memberships_contains_paid_content":false,"footnotes":""},"categories":[22,7],"tags":[],"class_list":{"0":"post-99322","1":"post","2":"type-post","3":"status-publish","4":"format-standard","5":"has-post-thumbnail","7":"category-brasil","8":"category-economia","9":"entry","10":"gs-1","11":"gs-odd","12":"gs-even","13":"gs-featured-content-entry"},"jetpack_featured_media_url":"https:\/\/www.redenoticia.com.br\/noticia\/imagens\/alimento-pao-salgados.jpg","jetpack_sharing_enabled":true,"jetpack_likes_enabled":true,"_links":{"self":[{"href":"https:\/\/www.redenoticia.com.br\/noticia\/wp-json\/wp\/v2\/posts\/99322","targetHints":{"allow":["GET"]}}],"collection":[{"href":"https:\/\/www.redenoticia.com.br\/noticia\/wp-json\/wp\/v2\/posts"}],"about":[{"href":"https:\/\/www.redenoticia.com.br\/noticia\/wp-json\/wp\/v2\/types\/post"}],"author":[{"embeddable":true,"href":"https:\/\/www.redenoticia.com.br\/noticia\/wp-json\/wp\/v2\/users\/2"}],"replies":[{"embeddable":true,"href":"https:\/\/www.redenoticia.com.br\/noticia\/wp-json\/wp\/v2\/comments?post=99322"}],"version-history":[{"count":0,"href":"https:\/\/www.redenoticia.com.br\/noticia\/wp-json\/wp\/v2\/posts\/99322\/revisions"}],"wp:featuredmedia":[{"embeddable":true,"href":"https:\/\/www.redenoticia.com.br\/noticia\/wp-json\/wp\/v2\/media\/36215"}],"wp:attachment":[{"href":"https:\/\/www.redenoticia.com.br\/noticia\/wp-json\/wp\/v2\/media?parent=99322"}],"wp:term":[{"taxonomy":"category","embeddable":true,"href":"https:\/\/www.redenoticia.com.br\/noticia\/wp-json\/wp\/v2\/categories?post=99322"},{"taxonomy":"post_tag","embeddable":true,"href":"https:\/\/www.redenoticia.com.br\/noticia\/wp-json\/wp\/v2\/tags?post=99322"}],"curies":[{"name":"wp","href":"https:\/\/api.w.org\/{rel}","templated":true}]}}