{"id":99230,"date":"2016-11-09T06:27:16","date_gmt":"2016-11-09T08:27:16","guid":{"rendered":"http:\/\/www.redenoticia.com.br\/noticia\/?p=99230"},"modified":"2016-11-08T19:28:46","modified_gmt":"2016-11-08T21:28:46","slug":"taxa-de-emprestimo-pessoal-tem-leve-queda-em-novembro","status":"publish","type":"post","link":"https:\/\/www.redenoticia.com.br\/noticia\/2016\/taxa-de-emprestimo-pessoal-tem-leve-queda-em-novembro\/99230","title":{"rendered":"Taxa de empr\u00e9stimo pessoal tem leve queda em novembro"},"content":{"rendered":"<p> As taxas de <strong><em>empr\u00e9stimo pessoal<\/em><\/strong> registraram leve queda em novembro. De acordo com pesquisa da Funda\u00e7\u00e3o Procon-SP com o Banco do Brasil, Bradesco, Caixa Econ\u00f4mica Federal, Ita\u00fa, Safra e Santander, a taxa m\u00e9dia do empr\u00e9stimo pessoal foi de 6,51% ao m\u00eas (a.m.), em novembro, inferior \u00e0 do m\u00eas anterior, que foi de 7,05% a.m., queda de 0,54 ponto percentual.<\/p>\n<p> J\u00e1 em rela\u00e7\u00e3o \u00e0 taxa m\u00e9dia do cheque especial, n\u00e3o houve altera\u00e7\u00e3o em nenhuma institui\u00e7\u00e3o pesquisada, e a cobran\u00e7a ficou em 13,56% ao m\u00eas.<\/p>\n<p>De acordo com o levantamento, o Santander tem a maior taxa para empr\u00e9stimo pessoal (8,49% ao m\u00eas), seguido do Bradesco (6,67% a.m.), Ita\u00fa (6,43%), Safra (5,9%), Branco do Brasil (5,85%) e Caixa (5,7%).<\/p>\n<p>No cheque especial, o Santader tamb\u00e9m tem a maior taxa (15,49% ao m\u00eas), seguido do Bradesco e Caixa (ambos com 13,55% a.m.), Ita\u00fa (13,14%), Banco do Brasil (13,04%) e Safra (12,60%).<\/p>\n<p>Bruno Bocchini &#8211; Rep\u00f3rter da Ag\u00eancia Brasil<br \/>\nEdi\u00e7\u00e3o: Luana Louren\u00e7o<br \/>\n09\/11\/2016<br \/>\n&#8212;<br \/>\nCriada em 2007 para fortalecer o sistema p\u00fablico de comunica\u00e7\u00e3o, a EBC \u00e9 gestora da TV Brasil, TV Brasil Internacional, Ag\u00eancia Brasil, Radioag\u00eancia Nacional e do sistema p\u00fablico de R\u00e1dio, composto por oito emissoras: R\u00e1dio Nacional AM do Rio de Janeiro (1.130 KHz), R\u00e1dio Nacional AM de Bras\u00edlia (980 KHz), Nacional FM de Bras\u00edlia (96,1 MHz), R\u00e1dio MEC AM do Rio de Janeiro (800 KHz), MEC FM do Rio de Janeiro (99,3 MHz), R\u00e1dio Nacional da Amaz\u00f4nia OC (11.780 KHz e 6.180 KHz), R\u00e1dio Nacional AM do Alto Solim\u00f5es (670 KHz) e R\u00e1dio Nacional FM do Alto Solim\u00f5es (96.1 MHz). Por sua independ\u00eancia editorial, os ve\u00edculos p\u00fablicos distinguem-se dos canais estatais ou governamentais. A rede de emissoras produz conte\u00fados diferenciados que a singulariza por espelhar de maneira mais fidedigna a complexidade cultural brasileira, ocupando um espa\u00e7o complementar, n\u00e3o preenchido pelos canais privados.<\/p>\n","protected":false},"excerpt":{"rendered":"<p>As taxas de empr\u00e9stimo pessoal registraram leve queda em novembro. De acordo com pesquisa da Funda\u00e7\u00e3o Procon-SP com o Banco do Brasil, Bradesco, Caixa Econ\u00f4mica Federal, Ita\u00fa, Safra e Santander, a taxa m\u00e9dia do empr\u00e9stimo pessoal foi de 6,51% ao m\u00eas (a.m.), em novembro, inferior \u00e0 do m\u00eas anterior, que foi de 7,05% a.m., queda [&hellip;]<\/p>\n","protected":false},"author":2,"featured_media":57583,"comment_status":"open","ping_status":"closed","sticky":false,"template":"","format":"standard","meta":{"_genesis_hide_title":false,"_genesis_hide_breadcrumbs":false,"_genesis_hide_singular_image":false,"_genesis_hide_footer_widgets":false,"_genesis_custom_body_class":"","_genesis_custom_post_class":"","_genesis_layout":"","_jetpack_memberships_contains_paid_content":false,"footnotes":""},"categories":[22,7],"tags":[],"class_list":{"0":"post-99230","1":"post","2":"type-post","3":"status-publish","4":"format-standard","5":"has-post-thumbnail","7":"category-brasil","8":"category-economia","9":"entry","10":"gs-1","11":"gs-odd","12":"gs-even","13":"gs-featured-content-entry"},"jetpack_featured_media_url":"https:\/\/www.redenoticia.com.br\/noticia\/imagens\/economia-grafico.jpg","jetpack_sharing_enabled":true,"jetpack_likes_enabled":true,"_links":{"self":[{"href":"https:\/\/www.redenoticia.com.br\/noticia\/wp-json\/wp\/v2\/posts\/99230","targetHints":{"allow":["GET"]}}],"collection":[{"href":"https:\/\/www.redenoticia.com.br\/noticia\/wp-json\/wp\/v2\/posts"}],"about":[{"href":"https:\/\/www.redenoticia.com.br\/noticia\/wp-json\/wp\/v2\/types\/post"}],"author":[{"embeddable":true,"href":"https:\/\/www.redenoticia.com.br\/noticia\/wp-json\/wp\/v2\/users\/2"}],"replies":[{"embeddable":true,"href":"https:\/\/www.redenoticia.com.br\/noticia\/wp-json\/wp\/v2\/comments?post=99230"}],"version-history":[{"count":0,"href":"https:\/\/www.redenoticia.com.br\/noticia\/wp-json\/wp\/v2\/posts\/99230\/revisions"}],"wp:featuredmedia":[{"embeddable":true,"href":"https:\/\/www.redenoticia.com.br\/noticia\/wp-json\/wp\/v2\/media\/57583"}],"wp:attachment":[{"href":"https:\/\/www.redenoticia.com.br\/noticia\/wp-json\/wp\/v2\/media?parent=99230"}],"wp:term":[{"taxonomy":"category","embeddable":true,"href":"https:\/\/www.redenoticia.com.br\/noticia\/wp-json\/wp\/v2\/categories?post=99230"},{"taxonomy":"post_tag","embeddable":true,"href":"https:\/\/www.redenoticia.com.br\/noticia\/wp-json\/wp\/v2\/tags?post=99230"}],"curies":[{"name":"wp","href":"https:\/\/api.w.org\/{rel}","templated":true}]}}