{"id":99228,"date":"2016-11-09T06:26:05","date_gmt":"2016-11-09T08:26:05","guid":{"rendered":"http:\/\/www.redenoticia.com.br\/noticia\/?p=99228"},"modified":"2016-11-08T19:27:10","modified_gmt":"2016-11-08T21:27:10","slug":"cresce-inadimplencia-no-comercio-do-rio-diz-clube-de-diretores-lojistas","status":"publish","type":"post","link":"https:\/\/www.redenoticia.com.br\/noticia\/2016\/cresce-inadimplencia-no-comercio-do-rio-diz-clube-de-diretores-lojistas\/99228","title":{"rendered":"Cresce inadimpl\u00eancia no com\u00e9rcio do Rio, diz Clube de Diretores Lojistas"},"content":{"rendered":"<p> A <strong><em>inadimpl\u00eancia no com\u00e9rcio<\/em><\/strong> do munic\u00edpio do Rio de Janeiro cresceu 3,3% em outubro em rela\u00e7\u00e3o ao mesmo m\u00eas do ano passado, de acordo com o Servi\u00e7o Central de Prote\u00e7\u00e3o ao Cr\u00e9dito do Clube de Diretores Lojistas. \u00c9 o maior \u00edndice de inadimpl\u00eancia do ano e o pior para um m\u00eas de outubro desde 2007.<\/p>\n<p> As d\u00edvidas quitadas, que mostram o n\u00famero de consumidores que colocaram suas contas em dia, ca\u00edram 7,9% no m\u00eas em rela\u00e7\u00e3o a outubro de 2015. J\u00e1 a consultas ao servi\u00e7o, que indicam o movimento do com\u00e9rcio ca\u00edram 1,9% na mesma compara\u00e7\u00e3o.<\/p>\n<p>No acumulado dos dez meses de 2016 (janeiro\/outubro) em compara\u00e7\u00e3o com o mesmo per\u00edodo de 2015, a inadimpl\u00eancia aumentou 2% e as consultas e as d\u00edvidas quitadas, diminu\u00edram, respectivamente, 7,1% e 2,2%.<\/p>\n<p>Pacote<\/p>\n<p>Segundo o presidente do Clube de Diretores Lojistas, Aldo Gon\u00e7alves, os n\u00fameros do Servi\u00e7o Central de Prote\u00e7\u00e3o ao Cr\u00e9dito mostram que o com\u00e9rcio continua enfrentando s\u00e9rias dificuldades, agravadas no Rio de Janeiro com crise do estado, que intimida o consumidor, devido ao pacote de medidas anunciado na \u00faltima sexta-feira (4).<\/p>\n<p>\u201cProva disso s\u00e3o as mais de 2.390 lojas que fecharam as portas somente em setembro (1.670 no estado do Rio e 720 na cidade). Todas as grandes datas comemorativas do setor &#8211; Dia das M\u00e3es, Dia dos Pais, Dia dos Namorados e Dia da Crian\u00e7a, n\u00e3o atingiram as expectativas do varejo e registraram resultados quase negativos. Resta agora o Natal, cujas vendas representam mais de 30% do faturamento em todo ano, dependendo do segmento. \u00c9 nele que o com\u00e9rcio est\u00e1 apostando moderadamente e espera o crescimento m\u00ednimo de 1%\u201d, disse.<\/p>\n<p>Douglas Corr\u00eaa &#8211; Rep\u00f3rter da Ag\u00eancia Brasil<br \/>\nEdi\u00e7\u00e3o: Luana Louren\u00e7o<br \/>\n09\/11\/2016<\/p>\n","protected":false},"excerpt":{"rendered":"<p>A inadimpl\u00eancia no com\u00e9rcio do munic\u00edpio do Rio de Janeiro cresceu 3,3% em outubro em rela\u00e7\u00e3o ao mesmo m\u00eas do ano passado, de acordo com o Servi\u00e7o Central de Prote\u00e7\u00e3o ao Cr\u00e9dito do Clube de Diretores Lojistas. \u00c9 o maior \u00edndice de inadimpl\u00eancia do ano e o pior para um m\u00eas de outubro desde 2007. [&hellip;]<\/p>\n","protected":false},"author":2,"featured_media":57585,"comment_status":"open","ping_status":"closed","sticky":false,"template":"","format":"standard","meta":{"_genesis_hide_title":false,"_genesis_hide_breadcrumbs":false,"_genesis_hide_singular_image":false,"_genesis_hide_footer_widgets":false,"_genesis_custom_body_class":"","_genesis_custom_post_class":"","_genesis_layout":"","_jetpack_memberships_contains_paid_content":false,"footnotes":""},"categories":[22,7],"tags":[],"class_list":{"0":"post-99228","1":"post","2":"type-post","3":"status-publish","4":"format-standard","5":"has-post-thumbnail","7":"category-brasil","8":"category-economia","9":"entry","10":"gs-1","11":"gs-odd","12":"gs-even","13":"gs-featured-content-entry"},"jetpack_featured_media_url":"https:\/\/www.redenoticia.com.br\/noticia\/imagens\/analise-economia.jpg","jetpack_sharing_enabled":true,"jetpack_likes_enabled":true,"_links":{"self":[{"href":"https:\/\/www.redenoticia.com.br\/noticia\/wp-json\/wp\/v2\/posts\/99228","targetHints":{"allow":["GET"]}}],"collection":[{"href":"https:\/\/www.redenoticia.com.br\/noticia\/wp-json\/wp\/v2\/posts"}],"about":[{"href":"https:\/\/www.redenoticia.com.br\/noticia\/wp-json\/wp\/v2\/types\/post"}],"author":[{"embeddable":true,"href":"https:\/\/www.redenoticia.com.br\/noticia\/wp-json\/wp\/v2\/users\/2"}],"replies":[{"embeddable":true,"href":"https:\/\/www.redenoticia.com.br\/noticia\/wp-json\/wp\/v2\/comments?post=99228"}],"version-history":[{"count":0,"href":"https:\/\/www.redenoticia.com.br\/noticia\/wp-json\/wp\/v2\/posts\/99228\/revisions"}],"wp:featuredmedia":[{"embeddable":true,"href":"https:\/\/www.redenoticia.com.br\/noticia\/wp-json\/wp\/v2\/media\/57585"}],"wp:attachment":[{"href":"https:\/\/www.redenoticia.com.br\/noticia\/wp-json\/wp\/v2\/media?parent=99228"}],"wp:term":[{"taxonomy":"category","embeddable":true,"href":"https:\/\/www.redenoticia.com.br\/noticia\/wp-json\/wp\/v2\/categories?post=99228"},{"taxonomy":"post_tag","embeddable":true,"href":"https:\/\/www.redenoticia.com.br\/noticia\/wp-json\/wp\/v2\/tags?post=99228"}],"curies":[{"name":"wp","href":"https:\/\/api.w.org\/{rel}","templated":true}]}}