{"id":99226,"date":"2016-11-09T06:25:13","date_gmt":"2016-11-09T08:25:13","guid":{"rendered":"http:\/\/www.redenoticia.com.br\/noticia\/?p=99226"},"modified":"2016-11-08T19:26:01","modified_gmt":"2016-11-08T21:26:01","slug":"custo-de-vida-sobe-037-em-sao-paulo-no-mes-de-outubro","status":"publish","type":"post","link":"https:\/\/www.redenoticia.com.br\/noticia\/2016\/custo-de-vida-sobe-037-em-sao-paulo-no-mes-de-outubro\/99226","title":{"rendered":"Custo de vida sobe 0,37% em S\u00e3o Paulo no m\u00eas de outubro"},"content":{"rendered":"<p> O <strong><em>custo de vida na cidade de S\u00e3o Paulo<\/em><\/strong> subiu 0,37% em outubro na compara\u00e7\u00e3o com o m\u00eas anterior. O aumento se deve principalmente aos grupos transporte e habita\u00e7\u00e3o. O primeiro teve  aumento de 1,44% no per\u00edodo, puxado pelos reajustes nos pre\u00e7os do \u00e1lcool e da gasolina. O segundo, subiu 0,73%, influenciado pelo aumento no pre\u00e7o do botij\u00e3o e do telefone. O \u00edndice foi divulgado pelo Departamento Intersindical de Estat\u00edstica e Estudos Socioecon\u00f4micos (Dieese).<\/p>\n<p>Dentre os dez grupos que comp\u00f5em o \u00edndice, houve aumento em cinco deles (habita\u00e7\u00e3o, equipamento dom\u00e9stico, transporte, sa\u00fade e despesas diversas), queda em quatro (alimenta\u00e7\u00e3o, que caiu apenas -0,01%, vestu\u00e1rio, recrea\u00e7\u00e3o e despesas pessoais) e um deles se manteve est\u00e1vel no m\u00eas (educa\u00e7\u00e3o e leitura).<\/p>\n<p>Entre janeiro e outubro deste ano, a taxa acumulada foi de 5,73% e, entre novembro do ano passado e outubro deste ano, o ac\u00famulo \u00e9 de 7,63%.<\/p>\n<p>Elaine Patricia Cruz \u2013 Rep\u00f3rter da Ag\u00eancia Brasil<br \/>\nEdi\u00e7\u00e3o: Maria Claudia<br \/>\n09\/11\/2016<br \/>\n&#8212;<br \/>\nCriada em 2007 para fortalecer o sistema p\u00fablico de comunica\u00e7\u00e3o, a EBC \u00e9 gestora da TV Brasil, TV Brasil Internacional, Ag\u00eancia Brasil, Radioag\u00eancia Nacional e do sistema p\u00fablico de R\u00e1dio, composto por oito emissoras: R\u00e1dio Nacional AM do Rio de Janeiro (1.130 KHz), R\u00e1dio Nacional AM de Bras\u00edlia (980 KHz), Nacional FM de Bras\u00edlia (96,1 MHz), R\u00e1dio MEC AM do Rio de Janeiro (800 KHz), MEC FM do Rio de Janeiro (99,3 MHz), R\u00e1dio Nacional da Amaz\u00f4nia OC (11.780 KHz e 6.180 KHz), R\u00e1dio Nacional AM do Alto Solim\u00f5es (670 KHz) e R\u00e1dio Nacional FM do Alto Solim\u00f5es (96.1 MHz). Por sua independ\u00eancia editorial, os ve\u00edculos p\u00fablicos distinguem-se dos canais estatais ou governamentais. A rede de emissoras produz conte\u00fados diferenciados que a singulariza por espelhar de maneira mais fidedigna a complexidade cultural brasileira, ocupando um espa\u00e7o complementar, n\u00e3o preenchido pelos canais privados.<\/p>\n","protected":false},"excerpt":{"rendered":"<p>O custo de vida na cidade de S\u00e3o Paulo subiu 0,37% em outubro na compara\u00e7\u00e3o com o m\u00eas anterior. O aumento se deve principalmente aos grupos transporte e habita\u00e7\u00e3o. O primeiro teve aumento de 1,44% no per\u00edodo, puxado pelos reajustes nos pre\u00e7os do \u00e1lcool e da gasolina. O segundo, subiu 0,73%, influenciado pelo aumento no [&hellip;]<\/p>\n","protected":false},"author":2,"featured_media":38938,"comment_status":"open","ping_status":"closed","sticky":false,"template":"","format":"standard","meta":{"_genesis_hide_title":false,"_genesis_hide_breadcrumbs":false,"_genesis_hide_singular_image":false,"_genesis_hide_footer_widgets":false,"_genesis_custom_body_class":"","_genesis_custom_post_class":"","_genesis_layout":"","_jetpack_memberships_contains_paid_content":false,"footnotes":""},"categories":[22,7],"tags":[],"class_list":{"0":"post-99226","1":"post","2":"type-post","3":"status-publish","4":"format-standard","5":"has-post-thumbnail","7":"category-brasil","8":"category-economia","9":"entry","10":"gs-1","11":"gs-odd","12":"gs-even","13":"gs-featured-content-entry"},"jetpack_featured_media_url":"https:\/\/www.redenoticia.com.br\/noticia\/imagens\/economia1.jpg","jetpack_sharing_enabled":true,"jetpack_likes_enabled":true,"_links":{"self":[{"href":"https:\/\/www.redenoticia.com.br\/noticia\/wp-json\/wp\/v2\/posts\/99226","targetHints":{"allow":["GET"]}}],"collection":[{"href":"https:\/\/www.redenoticia.com.br\/noticia\/wp-json\/wp\/v2\/posts"}],"about":[{"href":"https:\/\/www.redenoticia.com.br\/noticia\/wp-json\/wp\/v2\/types\/post"}],"author":[{"embeddable":true,"href":"https:\/\/www.redenoticia.com.br\/noticia\/wp-json\/wp\/v2\/users\/2"}],"replies":[{"embeddable":true,"href":"https:\/\/www.redenoticia.com.br\/noticia\/wp-json\/wp\/v2\/comments?post=99226"}],"version-history":[{"count":0,"href":"https:\/\/www.redenoticia.com.br\/noticia\/wp-json\/wp\/v2\/posts\/99226\/revisions"}],"wp:featuredmedia":[{"embeddable":true,"href":"https:\/\/www.redenoticia.com.br\/noticia\/wp-json\/wp\/v2\/media\/38938"}],"wp:attachment":[{"href":"https:\/\/www.redenoticia.com.br\/noticia\/wp-json\/wp\/v2\/media?parent=99226"}],"wp:term":[{"taxonomy":"category","embeddable":true,"href":"https:\/\/www.redenoticia.com.br\/noticia\/wp-json\/wp\/v2\/categories?post=99226"},{"taxonomy":"post_tag","embeddable":true,"href":"https:\/\/www.redenoticia.com.br\/noticia\/wp-json\/wp\/v2\/tags?post=99226"}],"curies":[{"name":"wp","href":"https:\/\/api.w.org\/{rel}","templated":true}]}}