{"id":99224,"date":"2016-11-09T06:24:12","date_gmt":"2016-11-09T08:24:12","guid":{"rendered":"http:\/\/www.redenoticia.com.br\/noticia\/?p=99224"},"modified":"2016-11-08T19:25:08","modified_gmt":"2016-11-08T21:25:08","slug":"producao-industrial-cresce-em-nove-locais-em-setembro","status":"publish","type":"post","link":"https:\/\/www.redenoticia.com.br\/noticia\/2016\/producao-industrial-cresce-em-nove-locais-em-setembro\/99224","title":{"rendered":"Produ\u00e7\u00e3o industrial cresce em nove locais em setembro"},"content":{"rendered":"<p> A <strong><em>produ\u00e7\u00e3o industrial<\/em><\/strong> cresceu em nove dos 14 locais pesquisados pelo Instituto Brasileiro de Geografia e Estat\u00edstica (IBGE), na passagem de agosto para setembro deste ano. O principal avan\u00e7o registrado pela Pesquisa Industrial Mensal ocorreu no Esp\u00edrito Santo, que teve alta de 9% na produ\u00e7\u00e3o.<\/p>\n<p>Outros locais que tiveram crescimento acima da m\u00e9dia nacional (0,5%) foram Minas Gerais (2%), S\u00e3o Paulo (1,6%), Rio Grande do Sul (0,7%) e regi\u00e3o Nordeste (0,6%). Completam a lista de locais com alta na produ\u00e7\u00e3o o Amazonas (0,5%), Par\u00e1 (0,5%), Rio de Janeiro (0,5%) e Pernambuco (0,2%).<\/p>\n<p>Dois estados mantiveram em setembro o mesmo n\u00edvel de produ\u00e7\u00e3o do m\u00eas anterior: Paran\u00e1 e Santa Catarina. Tr\u00eas estados tiveram queda: Goi\u00e1s (-3,3%), Cear\u00e1 (-1,9%) e Bahia (-1,6%). <\/p>\n<p>Vitor Abdala \u2013 Rep\u00f3rter da Ag\u00eancia Brasil<br \/>\nEdi\u00e7\u00e3o: Kleber Sampaio<br \/>\n09\/11\/2016<br \/>\n&#8212;<br \/>\nCriada em 2007 para fortalecer o sistema p\u00fablico de comunica\u00e7\u00e3o, a EBC \u00e9 gestora da TV Brasil, TV Brasil Internacional, Ag\u00eancia Brasil, Radioag\u00eancia Nacional e do sistema p\u00fablico de R\u00e1dio, composto por oito emissoras: R\u00e1dio Nacional AM do Rio de Janeiro (1.130 KHz), R\u00e1dio Nacional AM de Bras\u00edlia (980 KHz), Nacional FM de Bras\u00edlia (96,1 MHz), R\u00e1dio MEC AM do Rio de Janeiro (800 KHz), MEC FM do Rio de Janeiro (99,3 MHz), R\u00e1dio Nacional da Amaz\u00f4nia OC (11.780 KHz e 6.180 KHz), R\u00e1dio Nacional AM do Alto Solim\u00f5es (670 KHz) e R\u00e1dio Nacional FM do Alto Solim\u00f5es (96.1 MHz). Por sua independ\u00eancia editorial, os ve\u00edculos p\u00fablicos distinguem-se dos canais estatais ou governamentais. A rede de emissoras produz conte\u00fados diferenciados que a singulariza por espelhar de maneira mais fidedigna a complexidade cultural brasileira, ocupando um espa\u00e7o complementar, n\u00e3o preenchido pelos canais privados.<\/p>\n","protected":false},"excerpt":{"rendered":"<p>A produ\u00e7\u00e3o industrial cresceu em nove dos 14 locais pesquisados pelo Instituto Brasileiro de Geografia e Estat\u00edstica (IBGE), na passagem de agosto para setembro deste ano. O principal avan\u00e7o registrado pela Pesquisa Industrial Mensal ocorreu no Esp\u00edrito Santo, que teve alta de 9% na produ\u00e7\u00e3o. Outros locais que tiveram crescimento acima da m\u00e9dia nacional (0,5%) [&hellip;]<\/p>\n","protected":false},"author":2,"featured_media":57582,"comment_status":"open","ping_status":"closed","sticky":false,"template":"","format":"standard","meta":{"_genesis_hide_title":false,"_genesis_hide_breadcrumbs":false,"_genesis_hide_singular_image":false,"_genesis_hide_footer_widgets":false,"_genesis_custom_body_class":"","_genesis_custom_post_class":"","_genesis_layout":"","_jetpack_memberships_contains_paid_content":false,"footnotes":""},"categories":[22,7],"tags":[],"class_list":{"0":"post-99224","1":"post","2":"type-post","3":"status-publish","4":"format-standard","5":"has-post-thumbnail","7":"category-brasil","8":"category-economia","9":"entry","10":"gs-1","11":"gs-odd","12":"gs-even","13":"gs-featured-content-entry"},"jetpack_featured_media_url":"https:\/\/www.redenoticia.com.br\/noticia\/imagens\/grafico1.jpg","jetpack_sharing_enabled":true,"jetpack_likes_enabled":true,"_links":{"self":[{"href":"https:\/\/www.redenoticia.com.br\/noticia\/wp-json\/wp\/v2\/posts\/99224","targetHints":{"allow":["GET"]}}],"collection":[{"href":"https:\/\/www.redenoticia.com.br\/noticia\/wp-json\/wp\/v2\/posts"}],"about":[{"href":"https:\/\/www.redenoticia.com.br\/noticia\/wp-json\/wp\/v2\/types\/post"}],"author":[{"embeddable":true,"href":"https:\/\/www.redenoticia.com.br\/noticia\/wp-json\/wp\/v2\/users\/2"}],"replies":[{"embeddable":true,"href":"https:\/\/www.redenoticia.com.br\/noticia\/wp-json\/wp\/v2\/comments?post=99224"}],"version-history":[{"count":0,"href":"https:\/\/www.redenoticia.com.br\/noticia\/wp-json\/wp\/v2\/posts\/99224\/revisions"}],"wp:featuredmedia":[{"embeddable":true,"href":"https:\/\/www.redenoticia.com.br\/noticia\/wp-json\/wp\/v2\/media\/57582"}],"wp:attachment":[{"href":"https:\/\/www.redenoticia.com.br\/noticia\/wp-json\/wp\/v2\/media?parent=99224"}],"wp:term":[{"taxonomy":"category","embeddable":true,"href":"https:\/\/www.redenoticia.com.br\/noticia\/wp-json\/wp\/v2\/categories?post=99224"},{"taxonomy":"post_tag","embeddable":true,"href":"https:\/\/www.redenoticia.com.br\/noticia\/wp-json\/wp\/v2\/tags?post=99224"}],"curies":[{"name":"wp","href":"https:\/\/api.w.org\/{rel}","templated":true}]}}