{"id":9922,"date":"2009-08-28T11:57:43","date_gmt":"2009-08-28T15:57:43","guid":{"rendered":"http:\/\/www.redenoticia.com.br\/noticia\/?p=9922"},"modified":"2009-08-28T11:57:43","modified_gmt":"2009-08-28T15:57:43","slug":"secretario-canuto-informa-sobre-cronograma-de-obras-em-ji-parana","status":"publish","type":"post","link":"https:\/\/www.redenoticia.com.br\/noticia\/2009\/secretario-canuto-informa-sobre-cronograma-de-obras-em-ji-parana\/9922","title":{"rendered":"Secret\u00e1rio Canuto informa sobre cronograma de obras em Ji-Paran\u00e1"},"content":{"rendered":"<p>O Secret\u00e1rio Municipal de Obras e Servi\u00e7os P\u00fablicos, Assis Canuto, tem participado nos \u00faltimos dias de programas de r\u00e1dio e TV, para falar sobre as a\u00e7\u00f5es realizadas e andamento da obras realizadas ou administradas pela Semosp. Canuto salientou que \u201ca prefeitura se dedica neste momento \u00e0 recupera\u00e7\u00e3o de pontos importantes e pretende finalizar esta fase at\u00e9 o final do ano\u201d. Somente a partir de 2010 ser\u00e1 poss\u00edvel investir em novas frentes de trabalho. \u201cO munic\u00edpio \u00e9 muito grande. S\u00e3o muitos os problemas e precisamos de tempo e recursos, que s\u00e3o escassos\u201d, disse.<\/p>\n<p>A parceria com a comunidade e recursos oriundos de Bras\u00edlia, tem sido financiador das obras em andamento.<\/p>\n<p>O secret\u00e1rio explicou os crit\u00e9rios que s\u00e3o levados em conta para defini\u00e7\u00e3o das prioridades. \u201cNo setor rural estamos recuperando pontes e pontilh\u00f5es e recursos do Fitha. Vamos melhorar os acessos e recuperar quatro pontes\u201d, afirmou. Refor\u00e7ando a import\u00e2ncia da parceria, Canuto falou do projeto pioneiro mantido com a Aprita, Associa\u00e7\u00e3o dos Produtores Rurais do Setor Itapirema. A prefeitura repassou recursos na ordem de R$ 135.000,00, atrav\u00e9s de conv\u00eanio, e os produtores v\u00e3o recuperar aproximadamente 85 km de estradas e construir bueiros no setor. \u201cSe esta experi\u00eancia der certo o projeto piloto poder\u00e1 atingir outras associa\u00e7\u00f5es\u201d, afirmou Canuto.<\/p>\n<p>No per\u00edmetro urbano s\u00e3o v\u00e1rias frentes de trabalho com destaque para o bloqueteamento realizado em ruas e avenidas em parceria com a comunidade. \u201cEstamos solucionando problemas cr\u00edticos com a constru\u00e7\u00e3o de caixas de drenagem e coloca\u00e7\u00e3o de manilhas em pontos estrat\u00e9gicos\u201d, continua o secret\u00e1rio, que projeta um futuro de muitas obras em parceria com a Bancada Federal. Canuto tamb\u00e9m se diz confiante com a chegada do projeto Cidade Limpa do Governo do Estado. \u201cExiste uma previs\u00e3o que este projeto atenda Ji-Paran\u00e1 a partir de 15 de setembro, mas dependemos da programa\u00e7\u00e3o estadual\u201d, finalizou Canuto.<\/p>\n<p>DECOM<\/p>\n","protected":false},"excerpt":{"rendered":"<p>O Secret\u00e1rio Municipal de Obras e Servi\u00e7os P\u00fablicos, Assis Canuto, tem participado nos \u00faltimos dias de programas de r\u00e1dio e TV, para falar sobre as a\u00e7\u00f5es realizadas e andamento da obras realizadas ou administradas pela Semosp. Canuto salientou que \u201ca prefeitura se dedica neste momento \u00e0 recupera\u00e7\u00e3o de pontos importantes e pretende finalizar esta fase [&hellip;]<\/p>\n","protected":false},"author":3,"featured_media":0,"comment_status":"open","ping_status":"open","sticky":false,"template":"","format":"standard","meta":{"_genesis_hide_title":false,"_genesis_hide_breadcrumbs":false,"_genesis_hide_singular_image":false,"_genesis_hide_footer_widgets":false,"_genesis_custom_body_class":"","_genesis_custom_post_class":"","_genesis_layout":"","_jetpack_memberships_contains_paid_content":false,"footnotes":""},"categories":[22],"tags":[],"class_list":{"0":"post-9922","1":"post","2":"type-post","3":"status-publish","4":"format-standard","6":"category-brasil","7":"entry","8":"gs-1","9":"gs-odd","10":"gs-even","11":"gs-featured-content-entry"},"jetpack_featured_media_url":"","jetpack_sharing_enabled":true,"jetpack_likes_enabled":true,"_links":{"self":[{"href":"https:\/\/www.redenoticia.com.br\/noticia\/wp-json\/wp\/v2\/posts\/9922","targetHints":{"allow":["GET"]}}],"collection":[{"href":"https:\/\/www.redenoticia.com.br\/noticia\/wp-json\/wp\/v2\/posts"}],"about":[{"href":"https:\/\/www.redenoticia.com.br\/noticia\/wp-json\/wp\/v2\/types\/post"}],"author":[{"embeddable":true,"href":"https:\/\/www.redenoticia.com.br\/noticia\/wp-json\/wp\/v2\/users\/3"}],"replies":[{"embeddable":true,"href":"https:\/\/www.redenoticia.com.br\/noticia\/wp-json\/wp\/v2\/comments?post=9922"}],"version-history":[{"count":0,"href":"https:\/\/www.redenoticia.com.br\/noticia\/wp-json\/wp\/v2\/posts\/9922\/revisions"}],"wp:attachment":[{"href":"https:\/\/www.redenoticia.com.br\/noticia\/wp-json\/wp\/v2\/media?parent=9922"}],"wp:term":[{"taxonomy":"category","embeddable":true,"href":"https:\/\/www.redenoticia.com.br\/noticia\/wp-json\/wp\/v2\/categories?post=9922"},{"taxonomy":"post_tag","embeddable":true,"href":"https:\/\/www.redenoticia.com.br\/noticia\/wp-json\/wp\/v2\/tags?post=9922"}],"curies":[{"name":"wp","href":"https:\/\/api.w.org\/{rel}","templated":true}]}}