{"id":99171,"date":"2016-11-08T16:25:20","date_gmt":"2016-11-08T18:25:20","guid":{"rendered":"http:\/\/www.redenoticia.com.br\/noticia\/?p=99171"},"modified":"2016-11-08T16:08:12","modified_gmt":"2016-11-08T18:08:12","slug":"novela-mar-de-amor-resumo-0911-simona-e-coral-decidem-fugir-em-um-jipe","status":"publish","type":"post","link":"https:\/\/www.redenoticia.com.br\/noticia\/2016\/novela-mar-de-amor-resumo-0911-simona-e-coral-decidem-fugir-em-um-jipe\/99171","title":{"rendered":"Novela \u201cMar de Amor\u201d resumo 09\/11: Coral aponta a arma para Estrela"},"content":{"rendered":"<p><img loading=\"lazy\" decoding=\"async\" class=\"alignleft size-thumbnail wp-image-86321\" src=\"https:\/\/www.redenoticia.com.br\/noticia\/imagens\/Mar_de_Amor_SBT_resumo_novela-150x112.jpg\" alt=\"Mar_de_Amor_SBT_resumo_novela\" width=\"150\" height=\"112\" srcset=\"https:\/\/www.redenoticia.com.br\/noticia\/imagens\/Mar_de_Amor_SBT_resumo_novela-150x112.jpg 150w, https:\/\/www.redenoticia.com.br\/noticia\/imagens\/Mar_de_Amor_SBT_resumo_novela-265x198.jpg 265w\" sizes=\"auto, (max-width: 150px) 100vw, 150px\" \/><strong><em>Novela \u201cMar de Amor\u201d resumo 09\/11<\/em><\/strong>:\u00a0Frederica conversa com Coral e diz que tamb\u00e9m seria interessante que matassem Victor. Depois ela indica que chegou o momento para agir. Ao chegar \u00e0 casa de Violeta d\u00e1 de cara com Simona, que exige que a leve com ela para a Europa. Coral aponta a arma para Estrela, mas Salvador a desarma com destreza. Na confus\u00e3o, Coral consegue fugir e chega \u00e0 casa de Violeta. Oriana vai atr\u00e1s dela de moto. Depois de uma discuss\u00e3o com Frederica, Simona e Coral decidem fugir em um jipe, mas no caminho Frederica faz Coral descer. Ao passar pelo local, Oriana recolhe Coral e a leva a Moharidas. Ele pensa que agora n\u00e3o lhe resta outra alternativa, a n\u00e3o ser intern\u00e1-la em um hospital para pessoas com enfermidades mentais. <\/p>\n<p>No cap\u00edtulo 128(*), novela \u201cMar de Amor\u201d, quarta-feira, 09 de novembro \u2013 Padre Zamora se encarrega de realizar o casamento entre Ros\u00e9lia e Gustavo. Frederica diz a Coral que tamb\u00e9m seria interessante que matassem Victor. Frederica indica a Coral que \u00e9 o momento para agir e em seguida pensa em fugir. Ao chegar \u00e0 casa de Violeta d\u00e1 de cara com Simona, que exige que a leve consigo para a Europa. Coral aponta a arma para Estrela, mas Salvador a desarma com destreza. Na confus\u00e3o, Coral consegue fugir e chega a casa de Violeta.<\/p>\n<p>Oriana vai atr\u00e1s dela de moto. Depois de uma acalorosa discuss\u00e3o com Frederica, Simona e Coral decidem fugir em um jipe, mas no caminho Frederica faz Coral descer. Passando pelo local, Oriana recolhe Coral e a leva a Moharidas. Ele pensa que agora n\u00e3o lhe resta outra alternativa sen\u00e3o intern\u00e1-la em um hospital para pessoas com enfermidades mentais. Frederica e Simona abandonam o jipe quebrado e, depois de uma longa caminhada, chegam a cabana de Luz. Na praia escondida, Victor Manuel, Santos e a pol\u00edcia seguem procurando Catalina. Moharidas est\u00e1 cuidando de Coral, mas de repente ela corre at\u00e9 o mar e desaparece.<\/p>\n<p>Todos passam a procur\u00e1-la, sem sucesso. Frederica e Simona est\u00e3o na cabana abandonada de Luz, torcendo para que a pol\u00edcia n\u00e3o as encontre. O esp\u00edrito de Jorge aparece para Simona e a diz que ainda \u00e9 tempo para se arrepender, mas ela o desafia. Simona e Frederica brigam e Frederica acaba desacordada. Ela \u00e9 encontrada e levada ao hospital. L\u00e1 Guilhermo a vigia, para que n\u00e3o escape. Guilhermo pergunta para Frederica se ela foi quem matou Hernan.<\/p>\n<p>(*) edi\u00e7\u00e3o do SBT, Novela \u201cMar de Amor\u201d, sujeito a altera\u00e7\u00e3o de data e conte\u00fado.<\/p>\n","protected":false},"excerpt":{"rendered":"<p>Novela \u201cMar de Amor\u201d resumo 09\/11:\u00a0Frederica conversa com Coral e diz que tamb\u00e9m seria interessante que matassem Victor. Depois ela indica que chegou o momento para agir. Ao chegar \u00e0 casa de Violeta d\u00e1 de cara com Simona, que exige que a leve com ela para a Europa. Coral aponta a arma para Estrela, mas [&hellip;]<\/p>\n","protected":false},"author":4,"featured_media":86321,"comment_status":"open","ping_status":"closed","sticky":false,"template":"","format":"standard","meta":{"_genesis_hide_title":false,"_genesis_hide_breadcrumbs":false,"_genesis_hide_singular_image":false,"_genesis_hide_footer_widgets":false,"_genesis_custom_body_class":"","_genesis_custom_post_class":"","_genesis_layout":"","_jetpack_memberships_contains_paid_content":false,"footnotes":""},"categories":[379,372,343],"tags":[441],"class_list":{"0":"post-99171","1":"post","2":"type-post","3":"status-publish","4":"format-standard","5":"has-post-thumbnail","7":"category-novelas","8":"category-sbt","9":"category-televisao","10":"tag-resumo-do-dia","11":"entry","12":"gs-1","13":"gs-odd","14":"gs-even","15":"gs-featured-content-entry"},"jetpack_featured_media_url":"https:\/\/www.redenoticia.com.br\/noticia\/imagens\/Mar_de_Amor_SBT_resumo_novela.jpg","jetpack_sharing_enabled":true,"jetpack_likes_enabled":true,"_links":{"self":[{"href":"https:\/\/www.redenoticia.com.br\/noticia\/wp-json\/wp\/v2\/posts\/99171","targetHints":{"allow":["GET"]}}],"collection":[{"href":"https:\/\/www.redenoticia.com.br\/noticia\/wp-json\/wp\/v2\/posts"}],"about":[{"href":"https:\/\/www.redenoticia.com.br\/noticia\/wp-json\/wp\/v2\/types\/post"}],"author":[{"embeddable":true,"href":"https:\/\/www.redenoticia.com.br\/noticia\/wp-json\/wp\/v2\/users\/4"}],"replies":[{"embeddable":true,"href":"https:\/\/www.redenoticia.com.br\/noticia\/wp-json\/wp\/v2\/comments?post=99171"}],"version-history":[{"count":0,"href":"https:\/\/www.redenoticia.com.br\/noticia\/wp-json\/wp\/v2\/posts\/99171\/revisions"}],"wp:featuredmedia":[{"embeddable":true,"href":"https:\/\/www.redenoticia.com.br\/noticia\/wp-json\/wp\/v2\/media\/86321"}],"wp:attachment":[{"href":"https:\/\/www.redenoticia.com.br\/noticia\/wp-json\/wp\/v2\/media?parent=99171"}],"wp:term":[{"taxonomy":"category","embeddable":true,"href":"https:\/\/www.redenoticia.com.br\/noticia\/wp-json\/wp\/v2\/categories?post=99171"},{"taxonomy":"post_tag","embeddable":true,"href":"https:\/\/www.redenoticia.com.br\/noticia\/wp-json\/wp\/v2\/tags?post=99171"}],"curies":[{"name":"wp","href":"https:\/\/api.w.org\/{rel}","templated":true}]}}