{"id":99123,"date":"2016-11-08T06:10:50","date_gmt":"2016-11-08T08:10:50","guid":{"rendered":"http:\/\/www.redenoticia.com.br\/noticia\/?p=99123"},"modified":"2016-11-07T15:11:56","modified_gmt":"2016-11-07T17:11:56","slug":"producao-de-veiculos-tem-queda-de-177-no-ano-diz-anfavea","status":"publish","type":"post","link":"https:\/\/www.redenoticia.com.br\/noticia\/2016\/producao-de-veiculos-tem-queda-de-177-no-ano-diz-anfavea\/99123","title":{"rendered":"Produ\u00e7\u00e3o de ve\u00edculos tem queda de 17,7% no ano, diz Anfavea"},"content":{"rendered":"<p> De janeiro a outubro, a <strong><em>produ\u00e7\u00e3o de ve\u00edculos<\/em><\/strong> no pa\u00eds caiu 17,7%, totalizando 1,7 milh\u00e3o de unidades. J\u00e1 na compara\u00e7\u00e3o de outubro sobre setembro, ocorreu alta de 2,3% com a produ\u00e7\u00e3o de 174.150 ve\u00edculos. em rela\u00e7\u00e3o a outubro do ano passado, no entanto, houve recuo de 15,1%.<\/p>\n<p>As vendas internas foram 0,6% inferiores \u00e0s de setembro. Segundo o presidente da Associa\u00e7\u00e3o Nacional dos Fabricantes de Ve\u00edculos Automotores (Anfavea), Antonio Megale, isso indica praticamente uma estabilidade, levando em considera\u00e7\u00e3o o fato de outubro ter tido um dia \u00fatil a menos do que setembro, al\u00e9m da folga pelo Dia do Servidor P\u00fablico, o que, de acordo com o executivo, influencia na comercializa\u00e7\u00e3o. No acumulado do ano, o total licenciado chegou a 1,66 milh\u00e3o, n\u00famero 22,3% abaixo do de igual per\u00edodo do ano passado. Na compara\u00e7\u00e3o com igual m\u00eas de 2015, foi registrada queda de 17,2%.<\/p>\n<p>O resultado de outubro foi puxado pelos ve\u00edculos pesados. No caso dos ve\u00edculos leves (carro de passeio e utilit\u00e1rios, como vans), os dados indicam uma pequena recupera\u00e7\u00e3o, com alta de 1,3% na compara\u00e7\u00e3o com o m\u00eas anterior. Sobre igual per\u00edodo do ano passado, houve redu\u00e7\u00e3o de 18,7% e, no acumulado do ano, queda de 22,8%.<\/p>\n<p>O presidente da Anfavea informou que pouco mais da metade dos neg\u00f3cios (51,7%) referem-se \u00e0s vendas com financiamento e o restante, a opera\u00e7\u00f5es \u00e0 vista.<\/p>\n<p>Caminh\u00f5es e \u00f4nibus<\/p>\n<p>As vendas de caminh\u00f5es apresentaram retra\u00e7\u00e3o de 17,9% sobre setembro; de 40,4% sobre o mesmo m\u00eas de 2015 e de 31% no acumulado de janeiro a outubro.<\/p>\n<p>No segmento de \u00f4nibus, de janeiro a outubro, houve queda de 16,7%. Em rela\u00e7\u00e3o a outubro do ano passado, as vendas diminu\u00edram 34% e, no acumulado do ano, foi verificada queda de 32,3%. Apesar desse fraco desempenho, Megale v\u00ea sinais de melhora. Segundo ele, a expectativa de a pr\u00f3xima safra agr\u00edcola do pa\u00eds superar as 200 milh\u00f5es de toneladas de gr\u00e3os abre a possibilidade de uma recupera\u00e7\u00e3o da procura por caminh\u00f5es e m\u00e1quinas agr\u00edcolas.<\/p>\n<p>M\u00e1quinas agr\u00edcolas e rodovi\u00e1rias<\/p>\n<p>Entre setembro e outubro, as vendas de m\u00e1quinas agr\u00edcolas e implementos rodovi\u00e1rios como colheitadeiras e retroescavadeiras, aumentaram 0,4%. Em rela\u00e7\u00e3o a outubro do ano passado, foi constatada alta de 28,4%. No acumulado do ano,  no entanto, o resultado ainda \u00e9 de queda (-13,2%).<\/p>\n<p>Exporta\u00e7\u00e3o<\/p>\n<p>O valor das exporta\u00e7\u00f5es teve queda de 3,9% ao atingir US$ 955,3 milh\u00f5es. No ano, as vendas externas somam U$$ 8,6 bilh\u00f5es, montante 1,9% menor do que o de igual per\u00edodo ano passado.<\/p>\n<p>Perspectivas<\/p>\n<p>Megale informou que os dois \u00faltimos meses do ano devem ser mais expressivos no que se refere \u00e0 produ\u00e7\u00e3o e \u00e0s vendas de ve\u00edculos ao mercado interno. No entanto, ele informou que, por enquanto, n\u00e3o haver\u00e1 altera\u00e7\u00e3o nas proje\u00e7\u00f5es de fechamento relativas ao desempenho do setor.<\/p>\n<p>\u201cTenho certeza de que novembro ser\u00e1 um dos melhores meses&#8221;, disse. De acordo com Megale, a Anfavea ainda est\u00e1 trabalhando para definir as previs\u00f5es para 2017. Por\u00e9m, na avalia\u00e7\u00e3o dele, os sinais de retomada do crescimento econ\u00f4mico j\u00e1 indicam que haver\u00e1 um impacto positivo sobre a ind\u00fastria automobil\u00edstica. \u201cAcreditamos que haver\u00e1 crescimento de pelo menos um d\u00edgito\u201d, previu.<\/p>\n<p>Marli Moreira &#8211; Rep\u00f3rter da Ag\u00eancia Brasil<br \/>\nEdi\u00e7\u00e3o: Juliana Andrade<br \/>\n08\/11\/2016<\/p>\n","protected":false},"excerpt":{"rendered":"<p>De janeiro a outubro, a produ\u00e7\u00e3o de ve\u00edculos no pa\u00eds caiu 17,7%, totalizando 1,7 milh\u00e3o de unidades. J\u00e1 na compara\u00e7\u00e3o de outubro sobre setembro, ocorreu alta de 2,3% com a produ\u00e7\u00e3o de 174.150 ve\u00edculos. em rela\u00e7\u00e3o a outubro do ano passado, no entanto, houve recuo de 15,1%. As vendas internas foram 0,6% inferiores \u00e0s de [&hellip;]<\/p>\n","protected":false},"author":2,"featured_media":57583,"comment_status":"open","ping_status":"closed","sticky":false,"template":"","format":"standard","meta":{"_genesis_hide_title":false,"_genesis_hide_breadcrumbs":false,"_genesis_hide_singular_image":false,"_genesis_hide_footer_widgets":false,"_genesis_custom_body_class":"","_genesis_custom_post_class":"","_genesis_layout":"","_jetpack_memberships_contains_paid_content":false,"footnotes":""},"categories":[22,7],"tags":[],"class_list":{"0":"post-99123","1":"post","2":"type-post","3":"status-publish","4":"format-standard","5":"has-post-thumbnail","7":"category-brasil","8":"category-economia","9":"entry","10":"gs-1","11":"gs-odd","12":"gs-even","13":"gs-featured-content-entry"},"jetpack_featured_media_url":"https:\/\/www.redenoticia.com.br\/noticia\/imagens\/economia-grafico.jpg","jetpack_sharing_enabled":true,"jetpack_likes_enabled":true,"_links":{"self":[{"href":"https:\/\/www.redenoticia.com.br\/noticia\/wp-json\/wp\/v2\/posts\/99123","targetHints":{"allow":["GET"]}}],"collection":[{"href":"https:\/\/www.redenoticia.com.br\/noticia\/wp-json\/wp\/v2\/posts"}],"about":[{"href":"https:\/\/www.redenoticia.com.br\/noticia\/wp-json\/wp\/v2\/types\/post"}],"author":[{"embeddable":true,"href":"https:\/\/www.redenoticia.com.br\/noticia\/wp-json\/wp\/v2\/users\/2"}],"replies":[{"embeddable":true,"href":"https:\/\/www.redenoticia.com.br\/noticia\/wp-json\/wp\/v2\/comments?post=99123"}],"version-history":[{"count":0,"href":"https:\/\/www.redenoticia.com.br\/noticia\/wp-json\/wp\/v2\/posts\/99123\/revisions"}],"wp:featuredmedia":[{"embeddable":true,"href":"https:\/\/www.redenoticia.com.br\/noticia\/wp-json\/wp\/v2\/media\/57583"}],"wp:attachment":[{"href":"https:\/\/www.redenoticia.com.br\/noticia\/wp-json\/wp\/v2\/media?parent=99123"}],"wp:term":[{"taxonomy":"category","embeddable":true,"href":"https:\/\/www.redenoticia.com.br\/noticia\/wp-json\/wp\/v2\/categories?post=99123"},{"taxonomy":"post_tag","embeddable":true,"href":"https:\/\/www.redenoticia.com.br\/noticia\/wp-json\/wp\/v2\/tags?post=99123"}],"curies":[{"name":"wp","href":"https:\/\/api.w.org\/{rel}","templated":true}]}}