{"id":99121,"date":"2016-11-08T06:09:56","date_gmt":"2016-11-08T08:09:56","guid":{"rendered":"http:\/\/www.redenoticia.com.br\/noticia\/?p=99121"},"modified":"2016-11-07T15:10:45","modified_gmt":"2016-11-07T17:10:45","slug":"cesta-basica-esta-mais-barata-em-14-capitais-brasileiras","status":"publish","type":"post","link":"https:\/\/www.redenoticia.com.br\/noticia\/2016\/cesta-basica-esta-mais-barata-em-14-capitais-brasileiras\/99121","title":{"rendered":"Cesta b\u00e1sica est\u00e1 mais barata em 14 capitais brasileiras"},"content":{"rendered":"<p> O custo da <strong><em>cesta b\u00e1sica<\/em><\/strong> est\u00e1 menor em 14 das 27 capitais brasileiras. Entre as cidades que tiveram quedas mais expressivas est\u00e3o Bras\u00edlia (-5,44%), Teresina (-1,77%), Palmas (-1,76%) e Salvador (-1,66%). Houve alta em 13 capitais, sendo Florian\u00f3polis (5,85%), Vit\u00f3ria (3,19%), Porto Velho (2,18%) e Macei\u00f3 (2,12%) os destaques.<\/p>\n<p> De acordo com a pesquisa do Departamento Intersindical de Estat\u00edstica e Estudos Socioecon\u00f4micos (Dieese), a cesta mais cara foi a de Porto Alegre (R$ 478,07), seguida de Florian\u00f3polis (R$ 475,32) e S\u00e3o Paulo (R$ 469,55). Os menores valores m\u00e9dios foram observados em Natal (R$ 366,90) e Recife (R$ 373,66).<\/p>\n<p>Entre janeiro e outubro deste ano, todas as cidades acumularam alta, sendo as mais relevantes em Macei\u00f3 (24,25%), Aracaju (23,69%), Rio Branco (21,99%) e Fortaleza (21,21%). Os menores aumentos ocorreram em Bras\u00edlia (9,58%), Curitiba (10,52%) e Macap\u00e1 (10,99%).<\/p>\n<p>Entre os tipos de alimento, houve alta no pre\u00e7o da carne bovina de primeira, da manteiga, do a\u00e7\u00facar, do tomate e do caf\u00e9 em p\u00f3. O feij\u00e3o e o leite tiveram o valor reduzido na maior parte das cidades.<\/p>\n<p>Segundo o estudo, o sal\u00e1rio m\u00ednimo ideal para a manuten\u00e7\u00e3o de uma fam\u00edlia de quatro pessoas em outubro deveria ser R$ 4.016,27, ou 4,56 vezes o m\u00ednimo vigente de R$ 880. Em setembro, o m\u00ednimo necess\u00e1rio correspondeu a R$ 4.013,08.<\/p>\n<p>Fernanda Cruz &#8211; Rep\u00f3rter da Ag\u00eancia Brasil<br \/>\nEdi\u00e7\u00e3o: Lidia Neves<br \/>\n08\/11\/2016<\/p>\n","protected":false},"excerpt":{"rendered":"<p>O custo da cesta b\u00e1sica est\u00e1 menor em 14 das 27 capitais brasileiras. Entre as cidades que tiveram quedas mais expressivas est\u00e3o Bras\u00edlia (-5,44%), Teresina (-1,77%), Palmas (-1,76%) e Salvador (-1,66%). Houve alta em 13 capitais, sendo Florian\u00f3polis (5,85%), Vit\u00f3ria (3,19%), Porto Velho (2,18%) e Macei\u00f3 (2,12%) os destaques. De acordo com a pesquisa do [&hellip;]<\/p>\n","protected":false},"author":2,"featured_media":57585,"comment_status":"open","ping_status":"closed","sticky":false,"template":"","format":"standard","meta":{"_genesis_hide_title":false,"_genesis_hide_breadcrumbs":false,"_genesis_hide_singular_image":false,"_genesis_hide_footer_widgets":false,"_genesis_custom_body_class":"","_genesis_custom_post_class":"","_genesis_layout":"","_jetpack_memberships_contains_paid_content":false,"footnotes":""},"categories":[22,7],"tags":[],"class_list":{"0":"post-99121","1":"post","2":"type-post","3":"status-publish","4":"format-standard","5":"has-post-thumbnail","7":"category-brasil","8":"category-economia","9":"entry","10":"gs-1","11":"gs-odd","12":"gs-even","13":"gs-featured-content-entry"},"jetpack_featured_media_url":"https:\/\/www.redenoticia.com.br\/noticia\/imagens\/analise-economia.jpg","jetpack_sharing_enabled":true,"jetpack_likes_enabled":true,"_links":{"self":[{"href":"https:\/\/www.redenoticia.com.br\/noticia\/wp-json\/wp\/v2\/posts\/99121","targetHints":{"allow":["GET"]}}],"collection":[{"href":"https:\/\/www.redenoticia.com.br\/noticia\/wp-json\/wp\/v2\/posts"}],"about":[{"href":"https:\/\/www.redenoticia.com.br\/noticia\/wp-json\/wp\/v2\/types\/post"}],"author":[{"embeddable":true,"href":"https:\/\/www.redenoticia.com.br\/noticia\/wp-json\/wp\/v2\/users\/2"}],"replies":[{"embeddable":true,"href":"https:\/\/www.redenoticia.com.br\/noticia\/wp-json\/wp\/v2\/comments?post=99121"}],"version-history":[{"count":0,"href":"https:\/\/www.redenoticia.com.br\/noticia\/wp-json\/wp\/v2\/posts\/99121\/revisions"}],"wp:featuredmedia":[{"embeddable":true,"href":"https:\/\/www.redenoticia.com.br\/noticia\/wp-json\/wp\/v2\/media\/57585"}],"wp:attachment":[{"href":"https:\/\/www.redenoticia.com.br\/noticia\/wp-json\/wp\/v2\/media?parent=99121"}],"wp:term":[{"taxonomy":"category","embeddable":true,"href":"https:\/\/www.redenoticia.com.br\/noticia\/wp-json\/wp\/v2\/categories?post=99121"},{"taxonomy":"post_tag","embeddable":true,"href":"https:\/\/www.redenoticia.com.br\/noticia\/wp-json\/wp\/v2\/tags?post=99121"}],"curies":[{"name":"wp","href":"https:\/\/api.w.org\/{rel}","templated":true}]}}