{"id":99109,"date":"2016-11-08T06:01:08","date_gmt":"2016-11-08T08:01:08","guid":{"rendered":"http:\/\/www.redenoticia.com.br\/noticia\/?p=99109"},"modified":"2016-11-07T15:05:09","modified_gmt":"2016-11-07T17:05:09","slug":"previsao-do-sipam-e-de-um-trimestre-mais-chuvoso-que-a-media","status":"publish","type":"post","link":"https:\/\/www.redenoticia.com.br\/noticia\/2016\/previsao-do-sipam-e-de-um-trimestre-mais-chuvoso-que-a-media\/99109","title":{"rendered":"Previs\u00e3o do Sipam \u00e9 de um trimestre mais chuvoso que a m\u00e9dia"},"content":{"rendered":"<p>Depois de um per\u00edodo de seca consider\u00e1vel, Rond\u00f4nia inicia a esta\u00e7\u00e3o chuvosa com previs\u00e3o de \u00edndices acima da m\u00e9dia. Conforme o Boletim Clim\u00e1tico do <strong><em>Sipam<\/em><\/strong> (Sistema de Prote\u00e7\u00e3o da Amaz\u00f4nia), \u00e9 esperado aumento gradativo da precipita\u00e7\u00e3o no sul e sudeste do Amazonas, Rond\u00f4nia, sul do Par\u00e1 e no estado do Mato Grosso, sobretudo no final do trimestre, quando tornam-se mais frequentes os epis\u00f3dios da Zona de Converg\u00eancia do Atl\u00e2ntico Sul (ZACS). Esta Zona de Converg\u00eancia \u00e9 um sistema meteorol\u00f3gico t\u00edpico de ver\u00e3o, caracterizado por uma banda persistente de nebulosidade, que prolonga-se do noroeste da Amaz\u00f4nia at\u00e9 o oceano Atl\u00e2ntico Sul, transportando umidade.<\/p>\n<p>A regi\u00e3o amaz\u00f4nica estar\u00e1 sob influ\u00eancia do fen\u00f4meno La Ni\u00f1a, que mesmo sendo caracterizada como intensidade fraca, em algumas regi\u00f5es da Amaz\u00f4nia Legal dever\u00e3o apresentar condi\u00e7\u00f5es favor\u00e1veis para excesso de chuva.<\/p>\n<p>Especificamente para Rond\u00f4nia, espera-se para o trimestre (novembro e dezembro deste ano e janeiro de 2017) chuvas mais intensas que a m\u00e9dia do per\u00edodo na regi\u00e3o centro-norte, com as demais \u00e1reas apresentando valores pr\u00f3ximos ao considerado normal. E em rela\u00e7\u00e3o \u00e0s temperaturas, ocorrer\u00e3o pr\u00f3ximo \u00e0 m\u00e9dia climatol\u00f3gica em todo territ\u00f3rio rondoniense.<\/p>\n<p>Tamb\u00e9m ter\u00e3o chuvas acima do normal o Estado do Acre, sul das mesorregi\u00f5es sudeste e sudoeste paraense, centro-sul do Tocantins e faixa norte do Mato Grosso. J\u00e1 na faixa sul do estado do Amazonas, o progn\u00f3stico \u00e9 de precipita\u00e7\u00e3o ligeiramente abaixo no in\u00edcio do trimestre, tendendo a volumes acima do esperado nos demais meses.<\/p>\n<p>O Boletim Clim\u00e1tico da Amaz\u00f4nia est\u00e1 dispon\u00edvel no seguinte link: <\/p>\n","protected":false},"excerpt":{"rendered":"<p>Depois de um per\u00edodo de seca consider\u00e1vel, Rond\u00f4nia inicia a esta\u00e7\u00e3o chuvosa com previs\u00e3o de \u00edndices acima da m\u00e9dia. Conforme o Boletim Clim\u00e1tico do Sipam (Sistema de Prote\u00e7\u00e3o da Amaz\u00f4nia), \u00e9 esperado aumento gradativo da precipita\u00e7\u00e3o no sul e sudeste do Amazonas, Rond\u00f4nia, sul do Par\u00e1 e no estado do Mato Grosso, sobretudo no final [&hellip;]<\/p>\n","protected":false},"author":2,"featured_media":26302,"comment_status":"open","ping_status":"closed","sticky":false,"template":"","format":"standard","meta":{"_genesis_hide_title":false,"_genesis_hide_breadcrumbs":false,"_genesis_hide_singular_image":false,"_genesis_hide_footer_widgets":false,"_genesis_custom_body_class":"","_genesis_custom_post_class":"","_genesis_layout":"","_jetpack_memberships_contains_paid_content":false,"footnotes":""},"categories":[22],"tags":[],"class_list":{"0":"post-99109","1":"post","2":"type-post","3":"status-publish","4":"format-standard","5":"has-post-thumbnail","7":"category-brasil","8":"entry","9":"gs-1","10":"gs-odd","11":"gs-even","12":"gs-featured-content-entry"},"jetpack_featured_media_url":"https:\/\/www.redenoticia.com.br\/noticia\/imagens\/previsao-tempo-clima-temperatura-.jpg","jetpack_sharing_enabled":true,"jetpack_likes_enabled":true,"_links":{"self":[{"href":"https:\/\/www.redenoticia.com.br\/noticia\/wp-json\/wp\/v2\/posts\/99109","targetHints":{"allow":["GET"]}}],"collection":[{"href":"https:\/\/www.redenoticia.com.br\/noticia\/wp-json\/wp\/v2\/posts"}],"about":[{"href":"https:\/\/www.redenoticia.com.br\/noticia\/wp-json\/wp\/v2\/types\/post"}],"author":[{"embeddable":true,"href":"https:\/\/www.redenoticia.com.br\/noticia\/wp-json\/wp\/v2\/users\/2"}],"replies":[{"embeddable":true,"href":"https:\/\/www.redenoticia.com.br\/noticia\/wp-json\/wp\/v2\/comments?post=99109"}],"version-history":[{"count":0,"href":"https:\/\/www.redenoticia.com.br\/noticia\/wp-json\/wp\/v2\/posts\/99109\/revisions"}],"wp:featuredmedia":[{"embeddable":true,"href":"https:\/\/www.redenoticia.com.br\/noticia\/wp-json\/wp\/v2\/media\/26302"}],"wp:attachment":[{"href":"https:\/\/www.redenoticia.com.br\/noticia\/wp-json\/wp\/v2\/media?parent=99109"}],"wp:term":[{"taxonomy":"category","embeddable":true,"href":"https:\/\/www.redenoticia.com.br\/noticia\/wp-json\/wp\/v2\/categories?post=99109"},{"taxonomy":"post_tag","embeddable":true,"href":"https:\/\/www.redenoticia.com.br\/noticia\/wp-json\/wp\/v2\/tags?post=99109"}],"curies":[{"name":"wp","href":"https:\/\/api.w.org\/{rel}","templated":true}]}}