{"id":98969,"date":"2016-11-07T06:21:42","date_gmt":"2016-11-07T08:21:42","guid":{"rendered":"http:\/\/www.redenoticia.com.br\/noticia\/?p=98969"},"modified":"2016-11-04T16:22:46","modified_gmt":"2016-11-04T18:22:46","slug":"investimentos-recuam-22-diz-novo-indicador-do-ipea","status":"publish","type":"post","link":"https:\/\/www.redenoticia.com.br\/noticia\/2016\/investimentos-recuam-22-diz-novo-indicador-do-ipea\/98969","title":{"rendered":"Investimentos recuam 2,2%, diz novo indicador do Ipea"},"content":{"rendered":"<p> Os <strong><em>investimentos<\/em><\/strong> recuaram pelo terceiro m\u00eas consecutivo segundo novo indicador, lan\u00e7ado pelo Instituto de Pesquisa Econ\u00f4mica Aplicada (Ipea). O Indicador Ipea de Forma\u00e7\u00e3o Bruta de Capital Fixo (FBCF) \u2013 que \u00e9 um term\u00f4metro dos investimentos \u2013 aponta contra\u00e7\u00e3o de 2,2% em setembro em rela\u00e7\u00e3o a agosto de 2016, na s\u00e9rie com ajuste sazonal.<\/p>\n<p>Este \u00e9 o terceiro recuo mensal consecutivo do indicador de investimentos. Na compara\u00e7\u00e3o com o mesmo m\u00eas do ano anterior, a FBCF atingiu patamar 10,6% inferior a setembro de 2015, nos dados sem ajuste sazonal.<\/p>\n<p>No terceiro trimestre deste ano, comparado com o mesmo per\u00edodo do ano passado, o investimento registrou uma redu\u00e7\u00e3o de 9,9%. Na compara\u00e7\u00e3o entre o terceiro e o segundo trimestre de 2016, o recuou ficou em 3,9%, de acordo com os dados com ajuste sazonal.<\/p>\n<p>\u201cO recuo dos investimentos no terceiro trimestre refor\u00e7a a expectativa de uma recupera\u00e7\u00e3o lenta da economia brasileira\u201d, afirmou o t\u00e9cnico de planejamento e pesquisa do Ipea, Leonardo Mello de Carvalho, em nota. Segundo ele, a queda entre setembro e agosto foi novamente resultado do mau desempenho de seus dois componentes.<\/p>\n<p>M\u00e1quinas e equipamentos t\u00eam queda<\/p>\n<p>O primeiro deles, que apresentou queda de 1,7%, \u00e9 o consumo aparente de m\u00e1quinas e equipamentos (Came) \u2013 que \u00e9 uma estimativa dos investimentos em m\u00e1quinas e equipamentos e corresponde \u00e0 produ\u00e7\u00e3o industrial dom\u00e9stica acrescida das importa\u00e7\u00f5es e diminu\u00edda das exporta\u00e7\u00f5es.<\/p>\n<p>O segundo indicador, da constru\u00e7\u00e3o civil, retraiu 2,3% pelo quarto m\u00eas consecutivo frente ao per\u00edodo anterior, ainda na compara\u00e7\u00e3o com ajuste sazonal. Contra o mesmo m\u00eas do ano anterior, ambos os componentes da FBCF apresentaram retra\u00e7\u00e3o, com quedas de 10,6% e 13,1%, respectivamente.<\/p>\n<p>Segundo o Ipea, entre os componentes do Came, a produ\u00e7\u00e3o dom\u00e9stica de bens de capital recuou pelo terceiro m\u00eas consecutivo, contraindo 5,1% em setembro, na compara\u00e7\u00e3o dessazonalizada.<\/p>\n<p>Outro importante fator que ajuda a explicar as quedas nas compara\u00e7\u00f5es mensal e trimestral, tamb\u00e9m na s\u00e9rie com ajuste sazonal, \u00e9 o comportamento do volume de importa\u00e7\u00f5es de bens de capital. Enquanto a queda entre setembro e agosto foi de 3,4%, a redu\u00e7\u00e3o verificada no terceiro trimestre atingiu 20,1%.<\/p>\n<p>Da Ag\u00eancia Brasil<br \/>\nEdi\u00e7\u00e3o: Kleber Sampaio<br \/>\n07\/11\/2016<\/p>\n","protected":false},"excerpt":{"rendered":"<p>Os investimentos recuaram pelo terceiro m\u00eas consecutivo segundo novo indicador, lan\u00e7ado pelo Instituto de Pesquisa Econ\u00f4mica Aplicada (Ipea). O Indicador Ipea de Forma\u00e7\u00e3o Bruta de Capital Fixo (FBCF) \u2013 que \u00e9 um term\u00f4metro dos investimentos \u2013 aponta contra\u00e7\u00e3o de 2,2% em setembro em rela\u00e7\u00e3o a agosto de 2016, na s\u00e9rie com ajuste sazonal. Este \u00e9 [&hellip;]<\/p>\n","protected":false},"author":2,"featured_media":57585,"comment_status":"open","ping_status":"closed","sticky":false,"template":"","format":"standard","meta":{"_genesis_hide_title":false,"_genesis_hide_breadcrumbs":false,"_genesis_hide_singular_image":false,"_genesis_hide_footer_widgets":false,"_genesis_custom_body_class":"","_genesis_custom_post_class":"","_genesis_layout":"","_jetpack_memberships_contains_paid_content":false,"footnotes":""},"categories":[22,7],"tags":[],"class_list":{"0":"post-98969","1":"post","2":"type-post","3":"status-publish","4":"format-standard","5":"has-post-thumbnail","7":"category-brasil","8":"category-economia","9":"entry","10":"gs-1","11":"gs-odd","12":"gs-even","13":"gs-featured-content-entry"},"jetpack_featured_media_url":"https:\/\/www.redenoticia.com.br\/noticia\/imagens\/analise-economia.jpg","jetpack_sharing_enabled":true,"jetpack_likes_enabled":true,"_links":{"self":[{"href":"https:\/\/www.redenoticia.com.br\/noticia\/wp-json\/wp\/v2\/posts\/98969","targetHints":{"allow":["GET"]}}],"collection":[{"href":"https:\/\/www.redenoticia.com.br\/noticia\/wp-json\/wp\/v2\/posts"}],"about":[{"href":"https:\/\/www.redenoticia.com.br\/noticia\/wp-json\/wp\/v2\/types\/post"}],"author":[{"embeddable":true,"href":"https:\/\/www.redenoticia.com.br\/noticia\/wp-json\/wp\/v2\/users\/2"}],"replies":[{"embeddable":true,"href":"https:\/\/www.redenoticia.com.br\/noticia\/wp-json\/wp\/v2\/comments?post=98969"}],"version-history":[{"count":0,"href":"https:\/\/www.redenoticia.com.br\/noticia\/wp-json\/wp\/v2\/posts\/98969\/revisions"}],"wp:featuredmedia":[{"embeddable":true,"href":"https:\/\/www.redenoticia.com.br\/noticia\/wp-json\/wp\/v2\/media\/57585"}],"wp:attachment":[{"href":"https:\/\/www.redenoticia.com.br\/noticia\/wp-json\/wp\/v2\/media?parent=98969"}],"wp:term":[{"taxonomy":"category","embeddable":true,"href":"https:\/\/www.redenoticia.com.br\/noticia\/wp-json\/wp\/v2\/categories?post=98969"},{"taxonomy":"post_tag","embeddable":true,"href":"https:\/\/www.redenoticia.com.br\/noticia\/wp-json\/wp\/v2\/tags?post=98969"}],"curies":[{"name":"wp","href":"https:\/\/api.w.org\/{rel}","templated":true}]}}