{"id":98967,"date":"2016-11-07T06:20:42","date_gmt":"2016-11-07T08:20:42","guid":{"rendered":"http:\/\/www.redenoticia.com.br\/noticia\/?p=98967"},"modified":"2016-11-04T16:21:38","modified_gmt":"2016-11-04T18:21:38","slug":"inflacao-fecha-outubro-com-alta-de-027-em-sao-paulo","status":"publish","type":"post","link":"https:\/\/www.redenoticia.com.br\/noticia\/2016\/inflacao-fecha-outubro-com-alta-de-027-em-sao-paulo\/98967","title":{"rendered":"Infla\u00e7\u00e3o fecha outubro com alta de 0,27% em S\u00e3o Paulo"},"content":{"rendered":"<p> O \u00cdndice de Pre\u00e7os ao Consumidor (<strong><em>IPC<\/em><\/strong>), medido pela Funda\u00e7\u00e3o Instituto de Pesquisas Econ\u00f4micas (Fipe), na cidade de S\u00e3o Paulo, fechou com alta de 0,27% . Mesmo sendo uma taxa baixa, o resultado \u00e9 quase o dobro do registrado em setembro \u00faltimo: 0,14%.<\/p>\n<p>No acumulado do ano, houve eleva\u00e7\u00e3o de 5,62%, ficando acima do verificado no per\u00edodo de janeiro a setembro (5,33%). J\u00e1 em 12 meses, o IPC subiu 7,61%, indicando redu\u00e7\u00e3o no ritmo de alta j\u00e1 que, em setembro, o acumulado de 12 meses tinha apontado alta de 8,26%.<\/p>\n<p>Dos sete grupos pesquisados, os maiores avan\u00e7os ocorreram em despesas pessoais (de -0,34% para 0,86%) e transportes (de 0,24% para 0,71%).<\/p>\n<p>O resultado tamb\u00e9m reflete a recupera\u00e7\u00e3o de pre\u00e7os no grupo alimenta\u00e7\u00e3o. Na m\u00e9dia, os itens aliment\u00edcios tiveram queda de 0,27%, mas, na apura\u00e7\u00e3o de setembro, o recuo tinha sido bem mais expressivo (-1,09%).<\/p>\n<p>Foram constatados ainda aumentos em habita\u00e7\u00e3o (de 0,16% para 0,20%) e educa\u00e7\u00e3o (de 0,01% para 0,06%). Em compensa\u00e7\u00e3o, os pre\u00e7os desaceleraram em vestu\u00e1rio (de 0,84% para 0,32%) e permaneceu est\u00e1vel o grupo sa\u00fade em 0,56%.<\/p>\n<p>Marli Moreira &#8211; Rep\u00f3rter da Ag\u00eancia Brasil<br \/>\nEdi\u00e7\u00e3o: Kleber Sampaio<br \/>\n07\/11\/2016<\/p>\n","protected":false},"excerpt":{"rendered":"<p>O \u00cdndice de Pre\u00e7os ao Consumidor (IPC), medido pela Funda\u00e7\u00e3o Instituto de Pesquisas Econ\u00f4micas (Fipe), na cidade de S\u00e3o Paulo, fechou com alta de 0,27% . Mesmo sendo uma taxa baixa, o resultado \u00e9 quase o dobro do registrado em setembro \u00faltimo: 0,14%. No acumulado do ano, houve eleva\u00e7\u00e3o de 5,62%, ficando acima do verificado [&hellip;]<\/p>\n","protected":false},"author":2,"featured_media":57584,"comment_status":"open","ping_status":"closed","sticky":false,"template":"","format":"standard","meta":{"_genesis_hide_title":false,"_genesis_hide_breadcrumbs":false,"_genesis_hide_singular_image":false,"_genesis_hide_footer_widgets":false,"_genesis_custom_body_class":"","_genesis_custom_post_class":"","_genesis_layout":"","_jetpack_memberships_contains_paid_content":false,"footnotes":""},"categories":[22,7],"tags":[],"class_list":{"0":"post-98967","1":"post","2":"type-post","3":"status-publish","4":"format-standard","5":"has-post-thumbnail","7":"category-brasil","8":"category-economia","9":"entry","10":"gs-1","11":"gs-odd","12":"gs-even","13":"gs-featured-content-entry"},"jetpack_featured_media_url":"https:\/\/www.redenoticia.com.br\/noticia\/imagens\/economia-grafica-analise-inflacao.jpg","jetpack_sharing_enabled":true,"jetpack_likes_enabled":true,"_links":{"self":[{"href":"https:\/\/www.redenoticia.com.br\/noticia\/wp-json\/wp\/v2\/posts\/98967","targetHints":{"allow":["GET"]}}],"collection":[{"href":"https:\/\/www.redenoticia.com.br\/noticia\/wp-json\/wp\/v2\/posts"}],"about":[{"href":"https:\/\/www.redenoticia.com.br\/noticia\/wp-json\/wp\/v2\/types\/post"}],"author":[{"embeddable":true,"href":"https:\/\/www.redenoticia.com.br\/noticia\/wp-json\/wp\/v2\/users\/2"}],"replies":[{"embeddable":true,"href":"https:\/\/www.redenoticia.com.br\/noticia\/wp-json\/wp\/v2\/comments?post=98967"}],"version-history":[{"count":0,"href":"https:\/\/www.redenoticia.com.br\/noticia\/wp-json\/wp\/v2\/posts\/98967\/revisions"}],"wp:featuredmedia":[{"embeddable":true,"href":"https:\/\/www.redenoticia.com.br\/noticia\/wp-json\/wp\/v2\/media\/57584"}],"wp:attachment":[{"href":"https:\/\/www.redenoticia.com.br\/noticia\/wp-json\/wp\/v2\/media?parent=98967"}],"wp:term":[{"taxonomy":"category","embeddable":true,"href":"https:\/\/www.redenoticia.com.br\/noticia\/wp-json\/wp\/v2\/categories?post=98967"},{"taxonomy":"post_tag","embeddable":true,"href":"https:\/\/www.redenoticia.com.br\/noticia\/wp-json\/wp\/v2\/tags?post=98967"}],"curies":[{"name":"wp","href":"https:\/\/api.w.org\/{rel}","templated":true}]}}