{"id":98965,"date":"2016-11-07T06:19:42","date_gmt":"2016-11-07T08:19:42","guid":{"rendered":"http:\/\/www.redenoticia.com.br\/noticia\/?p=98965"},"modified":"2016-11-04T16:20:37","modified_gmt":"2016-11-04T18:20:37","slug":"deficit-das-contas-externas-do-brasil-deve-fechar-2016-em-1-do-pib-diz-ipea","status":"publish","type":"post","link":"https:\/\/www.redenoticia.com.br\/noticia\/2016\/deficit-das-contas-externas-do-brasil-deve-fechar-2016-em-1-do-pib-diz-ipea\/98965","title":{"rendered":"D\u00e9ficit das contas externas do Brasil deve fechar 2016 em 1% do PIB, diz Ipea"},"content":{"rendered":"<p> O <strong><em>d\u00e9ficit das contas externas<\/em><\/strong> do Brasil deve fechar 2016 em torno de 1% do produto interno bruto (PIB), que \u00e9 soma de todas as riquezas produzidas pelo Brasil. O resultado, que consta em levantamento divulgado pelo Instituto de Pesquisa Econ\u00f4mica Aplicada (Ipea), est\u00e1 em n\u00edvel inferior \u00e0 m\u00e9dia hist\u00f3rica do pa\u00eds, que \u00e9 de 1,8% do PIB.<\/p>\n<p>De acordo com a Carta de Conjuntura, documento produzido pelo Ipea que avalia dados econ\u00f4micos divulgados pelo Instituto Brasileiro de Geografia e Estat\u00edstica (IBGE), as contas externas brasileiras \u201cpermanecem em uma trajet\u00f3ria de ajuste, com expressiva redu\u00e7\u00e3o do d\u00e9ficit em transa\u00e7\u00f5es correntes\u201d.<\/p>\n<p>No acumulado do ano at\u00e9 setembro, o d\u00e9ficit ficou em US$ 13,6 bilh\u00f5es, redu\u00e7\u00e3o superior a 70% na compara\u00e7\u00e3o ao n\u00famero do mesmo per\u00edodo de 2015 (US$ 49,214 bilh\u00f5es). \u201cNa verdade, n\u00e3o \u00e9 exagero afirmar que o pa\u00eds j\u00e1 &#8216;completou&#8217; o ajuste de suas contas externas, no sentido em que o d\u00e9ficit em transa\u00e7\u00f5es correntes j\u00e1 atingiu n\u00edvel inferior \u00e0 sua m\u00e9dia hist\u00f3rica\u201d, diz o autor do estudo, o t\u00e9cnico de planejamento e pesquisa do Ipea Fernando Ribeiro.<\/p>\n<p>Segundo Ribeiro, a queda do d\u00e9ficit pode ser explicada, principalmente, pelo aumento do superavit comercial. \u201cCom efeito, a balan\u00e7a comercial brasileira vem registrando, desde o final de 2015, superavits comerciais bastante robustos, da ordem de US$ 3 bilh\u00f5es a US$ 5 bilh\u00f5es ao m\u00eas, e, no acumulado de janeiro a outubro, o superavit alcan\u00e7ou US$ 38,5 bilh\u00f5es, tr\u00eas vezes mais que o n\u00famero dos primeiros dez meses de 2015\u201d, diz trecho do levantamento<\/p>\n<p>A queda \u201cextraordin\u00e1ria\u201d das importa\u00e7\u00f5es, segundo o Ipea, \u00e9 um dos fatores para a melhoria da balan\u00e7a comercial. \u201cOs dados dessazonalizados mais recentes sugerem, contudo, que est\u00e1 havendo certa estabiliza\u00e7\u00e3o das importa\u00e7\u00f5es e uma nova queda nas exporta\u00e7\u00f5es, levando \u00e0 redu\u00e7\u00e3o dos saldos comerciais. Desta forma, em termos anualizados, o saldo dessazonalizado alcan\u00e7ou um pico hist\u00f3rico de cerca de US$ 60 bilh\u00f5es em maio \u00faltimo, recuando nos \u00faltimos meses para valores mais pr\u00f3ximos de US$ 40 bilh\u00f5es\u201d, pondera Ribeiro no levantamento.<\/p>\n<p>Fluxo de capital<\/p>\n<p>De acordo com a Carta de Conjuntura, os fluxos l\u00edquidos de capitais do pa\u00eds tiveram uma redu\u00e7\u00e3o de 68,8% no per\u00edodo de janeira a setembro na compara\u00e7\u00e3o com igual per\u00edodo de 2015, menor valor para o per\u00edodo nos \u00faltimos dez anos.<\/p>\n<p>\u201cNa pr\u00e1tica, apenas duas rubricas registraram entradas significativas de capital: investimentos diretos, com US$ 46,3 bilh\u00f5es, e empr\u00e9stimos e t\u00edtulos de curto prazo negociados no mercado externo, com saldo l\u00edquido de US$ 11,8 bilh\u00f5es\u201d, diz o estudo.<\/p>\n<p>No outro extremo, segundo o Ipea, o saldo negativo de US$ 11,4 bilh\u00f5es dos investimentos em carteira, ocorreu, principalmente, em virtude do retorno l\u00edquido de US$ 15,6 bilh\u00f5es de aplica\u00e7\u00f5es em t\u00edtulos negociados no mercado externo. \u201cEm quase todos os meses deste ano as sa\u00eddas de investidores estrangeiros desses t\u00edtulos superou as novas aplica\u00e7\u00f5es. Tal fato est\u00e1 certamente associado ao elevado grau de incerteza pol\u00edtica vivido pelo pa\u00eds e com a perda do \u201cgrau de investimento\u201d por parte das principais ag\u00eancias internacionais de classifica\u00e7\u00e3o de risco\u201d.<\/p>\n<p>Ivan Richard Esposito &#8211; Rep\u00f3rter da Ag\u00eancia Brasil<br \/>\nEdi\u00e7\u00e3o: F\u00e1bio Massalli<br \/>\n07\/11\/2016<\/p>\n","protected":false},"excerpt":{"rendered":"<p>O d\u00e9ficit das contas externas do Brasil deve fechar 2016 em torno de 1% do produto interno bruto (PIB), que \u00e9 soma de todas as riquezas produzidas pelo Brasil. O resultado, que consta em levantamento divulgado pelo Instituto de Pesquisa Econ\u00f4mica Aplicada (Ipea), est\u00e1 em n\u00edvel inferior \u00e0 m\u00e9dia hist\u00f3rica do pa\u00eds, que \u00e9 de [&hellip;]<\/p>\n","protected":false},"author":2,"featured_media":38938,"comment_status":"open","ping_status":"closed","sticky":false,"template":"","format":"standard","meta":{"_genesis_hide_title":false,"_genesis_hide_breadcrumbs":false,"_genesis_hide_singular_image":false,"_genesis_hide_footer_widgets":false,"_genesis_custom_body_class":"","_genesis_custom_post_class":"","_genesis_layout":"","_jetpack_memberships_contains_paid_content":false,"footnotes":""},"categories":[22,7],"tags":[],"class_list":{"0":"post-98965","1":"post","2":"type-post","3":"status-publish","4":"format-standard","5":"has-post-thumbnail","7":"category-brasil","8":"category-economia","9":"entry","10":"gs-1","11":"gs-odd","12":"gs-even","13":"gs-featured-content-entry"},"jetpack_featured_media_url":"https:\/\/www.redenoticia.com.br\/noticia\/imagens\/economia1.jpg","jetpack_sharing_enabled":true,"jetpack_likes_enabled":true,"_links":{"self":[{"href":"https:\/\/www.redenoticia.com.br\/noticia\/wp-json\/wp\/v2\/posts\/98965","targetHints":{"allow":["GET"]}}],"collection":[{"href":"https:\/\/www.redenoticia.com.br\/noticia\/wp-json\/wp\/v2\/posts"}],"about":[{"href":"https:\/\/www.redenoticia.com.br\/noticia\/wp-json\/wp\/v2\/types\/post"}],"author":[{"embeddable":true,"href":"https:\/\/www.redenoticia.com.br\/noticia\/wp-json\/wp\/v2\/users\/2"}],"replies":[{"embeddable":true,"href":"https:\/\/www.redenoticia.com.br\/noticia\/wp-json\/wp\/v2\/comments?post=98965"}],"version-history":[{"count":0,"href":"https:\/\/www.redenoticia.com.br\/noticia\/wp-json\/wp\/v2\/posts\/98965\/revisions"}],"wp:featuredmedia":[{"embeddable":true,"href":"https:\/\/www.redenoticia.com.br\/noticia\/wp-json\/wp\/v2\/media\/38938"}],"wp:attachment":[{"href":"https:\/\/www.redenoticia.com.br\/noticia\/wp-json\/wp\/v2\/media?parent=98965"}],"wp:term":[{"taxonomy":"category","embeddable":true,"href":"https:\/\/www.redenoticia.com.br\/noticia\/wp-json\/wp\/v2\/categories?post=98965"},{"taxonomy":"post_tag","embeddable":true,"href":"https:\/\/www.redenoticia.com.br\/noticia\/wp-json\/wp\/v2\/tags?post=98965"}],"curies":[{"name":"wp","href":"https:\/\/api.w.org\/{rel}","templated":true}]}}