{"id":98934,"date":"2016-11-04T06:24:00","date_gmt":"2016-11-04T08:24:00","guid":{"rendered":"http:\/\/www.redenoticia.com.br\/noticia\/?p=98934"},"modified":"2016-11-03T16:24:54","modified_gmt":"2016-11-03T18:24:54","slug":"pesquisa-indica-ligeira-queda-no-endividamento-das-familias","status":"publish","type":"post","link":"https:\/\/www.redenoticia.com.br\/noticia\/2016\/pesquisa-indica-ligeira-queda-no-endividamento-das-familias\/98934","title":{"rendered":"Pesquisa indica ligeira queda no endividamento das fam\u00edlias"},"content":{"rendered":"<p> A propor\u00e7\u00e3o de fam\u00edlias em todo o pa\u00eds com algum tipo de d\u00edvida atingiu, em outubro, 57,7%, taxa ligeiramente inferior ao percentual de setembro \u00faltimo (58,2%) e tamb\u00e9m abaixo de igual m\u00eas do ano passado (62,1%). \u00c9 o que indica a <strong><em>Pesquisa de Endividamento e Inadimpl\u00eancia do Consumidor<\/em><\/strong> (Peic), da Confedera\u00e7\u00e3o Nacional do Com\u00e9rcio de Bens, Servi\u00e7os e Turismo (CNC).<\/p>\n<p>Apesar desse recuo, comparado a outubro do ano passado, cresceu a parcela dos endividados sem condi\u00e7\u00f5es de quitar os seus d\u00e9bitos. O levantamento mostra que 9,4% dos entrevistados alegaram que n\u00e3o conseguir\u00e3o pagar as suas d\u00edvidas \u2013 e a taxa \u00e9 superior aos 8,5% registrados h\u00e1 um ano, por\u00e9m, um pouco abaixo de setembro \u00faltimo (9,6%).<\/p>\n<p>Muito consumidores endividados<\/p>\n<p>Quase n\u00e3o houve altera\u00e7\u00e3o sobre o m\u00eas anterior, na parcela de fam\u00edlias que se declararam muito endividadas, passando de 14,4% para 14,2%.<\/p>\n<p>Sobre o mesmo m\u00eas de 2015, houve pequena eleva\u00e7\u00e3o de 0,3 ponto percentual. Entre as que est\u00e3o atrasando o pagamento das d\u00edvidas, elas declararam ter passado em m\u00e9dia 62,9 dias do prazo de vencimento. Em m\u00e9dia, os d\u00e9bitos foram parcelados em sete meses e 33,4% disseram que costumam dividir a forma de pagamento pelo per\u00edodo de um ano.<\/p>\n<p>E mais: 21% declararam estar com mais da metade da renda comprometida com o pagamento de d\u00edvidas. O tipo de d\u00edvida mais apontado \u00e9 com o cart\u00e3o de cr\u00e9dito, citado por 77,1% dos entrevistados, seguido pelos carn\u00eas (14,1%), e pelo financiamento de carro em terceiro (10,2%).<\/p>\n<p>Para o economista da CNC, Bruno Fernandes, o n\u00edvel de endividamento ainda \u00e9 uma preocupa\u00e7\u00e3o porque, no curto prazo, ainda deve prevalecer um cen\u00e1rio desfavor\u00e1vel na economia em consequ\u00eancia de um consumo fraco. \u201cAs fam\u00edlias est\u00e3o mais cautelosas e perderam o poder de compra diante da renda menor, da falta de emprego e cr\u00e9dito caro\u201d, justificou.<\/p>\n<p>Na avalia\u00e7\u00e3o dele, por pelo menos at\u00e9 o final do primeiro trimestre de 2017 n\u00e3o deve ocorrer uma revers\u00e3o da situa\u00e7\u00e3o financeira dos endividados.<\/p>\n<p>Marli Moreira &#8211; Rep\u00f3rter da Ag\u00eancia Brasil<br \/>\nEdi\u00e7\u00e3o: Kleber Sampaio<br \/>\n04\/11\/2016<\/p>\n","protected":false},"excerpt":{"rendered":"<p>A propor\u00e7\u00e3o de fam\u00edlias em todo o pa\u00eds com algum tipo de d\u00edvida atingiu, em outubro, 57,7%, taxa ligeiramente inferior ao percentual de setembro \u00faltimo (58,2%) e tamb\u00e9m abaixo de igual m\u00eas do ano passado (62,1%). \u00c9 o que indica a Pesquisa de Endividamento e Inadimpl\u00eancia do Consumidor (Peic), da Confedera\u00e7\u00e3o Nacional do Com\u00e9rcio de [&hellip;]<\/p>\n","protected":false},"author":2,"featured_media":57584,"comment_status":"open","ping_status":"closed","sticky":false,"template":"","format":"standard","meta":{"_genesis_hide_title":false,"_genesis_hide_breadcrumbs":false,"_genesis_hide_singular_image":false,"_genesis_hide_footer_widgets":false,"_genesis_custom_body_class":"","_genesis_custom_post_class":"","_genesis_layout":"","_jetpack_memberships_contains_paid_content":false,"footnotes":""},"categories":[22,7],"tags":[],"class_list":{"0":"post-98934","1":"post","2":"type-post","3":"status-publish","4":"format-standard","5":"has-post-thumbnail","7":"category-brasil","8":"category-economia","9":"entry","10":"gs-1","11":"gs-odd","12":"gs-even","13":"gs-featured-content-entry"},"jetpack_featured_media_url":"https:\/\/www.redenoticia.com.br\/noticia\/imagens\/economia-grafica-analise-inflacao.jpg","jetpack_sharing_enabled":true,"jetpack_likes_enabled":true,"_links":{"self":[{"href":"https:\/\/www.redenoticia.com.br\/noticia\/wp-json\/wp\/v2\/posts\/98934","targetHints":{"allow":["GET"]}}],"collection":[{"href":"https:\/\/www.redenoticia.com.br\/noticia\/wp-json\/wp\/v2\/posts"}],"about":[{"href":"https:\/\/www.redenoticia.com.br\/noticia\/wp-json\/wp\/v2\/types\/post"}],"author":[{"embeddable":true,"href":"https:\/\/www.redenoticia.com.br\/noticia\/wp-json\/wp\/v2\/users\/2"}],"replies":[{"embeddable":true,"href":"https:\/\/www.redenoticia.com.br\/noticia\/wp-json\/wp\/v2\/comments?post=98934"}],"version-history":[{"count":0,"href":"https:\/\/www.redenoticia.com.br\/noticia\/wp-json\/wp\/v2\/posts\/98934\/revisions"}],"wp:featuredmedia":[{"embeddable":true,"href":"https:\/\/www.redenoticia.com.br\/noticia\/wp-json\/wp\/v2\/media\/57584"}],"wp:attachment":[{"href":"https:\/\/www.redenoticia.com.br\/noticia\/wp-json\/wp\/v2\/media?parent=98934"}],"wp:term":[{"taxonomy":"category","embeddable":true,"href":"https:\/\/www.redenoticia.com.br\/noticia\/wp-json\/wp\/v2\/categories?post=98934"},{"taxonomy":"post_tag","embeddable":true,"href":"https:\/\/www.redenoticia.com.br\/noticia\/wp-json\/wp\/v2\/tags?post=98934"}],"curies":[{"name":"wp","href":"https:\/\/api.w.org\/{rel}","templated":true}]}}