{"id":98930,"date":"2016-11-04T06:22:57","date_gmt":"2016-11-04T08:22:57","guid":{"rendered":"http:\/\/www.redenoticia.com.br\/noticia\/?p=98930"},"modified":"2016-11-03T16:23:54","modified_gmt":"2016-11-03T18:23:54","slug":"intencao-de-consumo-das-familias-cresce-52-em-sao-paulo","status":"publish","type":"post","link":"https:\/\/www.redenoticia.com.br\/noticia\/2016\/intencao-de-consumo-das-familias-cresce-52-em-sao-paulo\/98930","title":{"rendered":"Inten\u00e7\u00e3o de Consumo das Fam\u00edlias cresce 5,2% em S\u00e3o Paulo"},"content":{"rendered":"<p> A <strong><em>Inten\u00e7\u00e3o de Consumo das Fam\u00edlias<\/em><\/strong> (ICF), apurada mensalmente pela Federa\u00e7\u00e3o do Com\u00e9rcio de Bens, Servi\u00e7os e Turismo do Estado de S\u00e3o Paulo (Fecom\u00e9rcio\/SP), atingiu 73,5 pontos em outubro, com crescimento de 5,2% em rela\u00e7\u00e3o a setembro e 8% na compara\u00e7\u00e3o com o mesmo per\u00edodo do ano passado. Com a quarta alta consecutiva, a pontua\u00e7\u00e3o de outubro foi a maior desde julho do ano passado. O ICF varia de zero a 200 pontos, sendo que, abaixo de 100 pontos, significa insatisfa\u00e7\u00e3o e acima de 100, satisfa\u00e7\u00e3o em rela\u00e7\u00e3o \u00e0s condi\u00e7\u00f5es de consumo.<\/p>\n<p>Pelo segundo m\u00eas seguido, os sete itens da pesquisa registraram eleva\u00e7\u00e3o. O destaque foi a recupera\u00e7\u00e3o do item Perspectiva de Consumo, que passou de 59,6 pontos em setembro para 68,1 pontos em outubro, um aumento de 14,1% na compara\u00e7\u00e3o mensal e 41,2% na compara\u00e7\u00e3o anual. As duas varia\u00e7\u00f5es s\u00e3o as maiores registradas na s\u00e9rie desde 2010 quando a pesquisa come\u00e7ou a ser feita.<\/p>\n<p>Segundo a apura\u00e7\u00e3o, no mesmo per\u00edodo do ano passado, 65% dos paulistanos estimavam um n\u00edvel de consumo menor para sua fam\u00edlia e para a popula\u00e7\u00e3o em geral tendo em vista os meses seguintes. Em outubro deste ano o percentual caiu para 52%, o que mostra menos pessimismo.<\/p>\n<p>As expectativas dos paulistanos tamb\u00e9m melhoraram com rela\u00e7\u00e3o ao emprego, como mostra o item Perspectiva Profissional que atingiu 109,3 pontos em outubro. Este \u00e9 o \u00fanico dos itens avaliados que est\u00e1 acima dos 100 pontos. O valor \u00e9 2,2% superior ao visto em setembro e 15,8% acima do mesmo m\u00eas de 2015.<\/p>\n<p>\u201cS\u00e3o 52% dos cidad\u00e3os da cidade de S\u00e3o Paulo que avaliam que o respons\u00e1vel pelo domic\u00edlio pode ter uma melhora profissional nos pr\u00f3ximos seis meses\u201d, diz a Fecom\u00e9rcio\/SP.<\/p>\n<p>Emprego Atual atinge 97,4 pontos em outubro<\/p>\n<p>O item Emprego Atual alcan\u00e7ou 97,4 pontos em outubro, um crescimento de 4,1% sobre o m\u00eas anterior e 3,2% na compara\u00e7\u00e3o com o mesmo per\u00edodo do ano anterior. O item Momento para Dur\u00e1veis cresceu 7,8% na compara\u00e7\u00e3o mensal e 9,5% contra outubro de 2015, entretanto, o patamar ainda \u00e9 muito baixo, de 48 pontos.<\/p>\n<p>\u201cSe a expectativa \u00e9 de uma melhora no emprego e no consumo para os pr\u00f3ximos meses, os paulistanos tamb\u00e9m est\u00e3o reduzindo a restri\u00e7\u00e3o quanto ao momento de comprar produtos como geladeira, fog\u00e3o, TV, entre outros que s\u00e3o mais vinculados ao cr\u00e9dito. Esse comportamento segue a tend\u00eancia verificada nos \u00faltimos meses em que os itens relacionados \u00e0s expectativas tiveram eleva\u00e7\u00f5es anuais mais significativas que os demais\u201d, avalia a assessoria econ\u00f4mica da Fecom\u00e9rcio\/SP.<\/p>\n<p>A pesquisa mostra ainda que o item N\u00edvel de Consumo Atual, que chegou a atingir 35 pontos no final do primeiro semestre, em outubro est\u00e1 com 40,6 pontos, alta de 4% na compara\u00e7\u00e3o com setembro, por\u00e9m, 8,5% abaixo do visto no ano anterior.<\/p>\n<p>O item Renda Atual teve eleva\u00e7\u00e3o de 4,2% contra setembro e atingiu 81,5 pontos em outubro. Em outubro do mesmo m\u00eas de 2015 esse \u00edndice estava em 80,9 pontos. Segundo a Fecom\u00e9rcio, a infla\u00e7\u00e3o come\u00e7a a ceder aos poucos, o que contribui, mesmo que lentamente, para melhorar a impress\u00e3o sobre o n\u00edvel de renda, dando um leve al\u00edvio no or\u00e7amento dom\u00e9stico.<\/p>\n<p>O item Acesso a Cr\u00e9dito registrou 69,7 pontos em outubro, alta de 3,5% em rela\u00e7\u00e3o a setembro e -0,8% no contraponto anual. \u201cAos poucos os consumidores paulistanos v\u00e3o encontrando menos dificuldade na obten\u00e7\u00e3o de cr\u00e9dito para comprar a prazo, o que \u00e9 importante, principalmente, para aquisi\u00e7\u00e3o de bens dur\u00e1veis\u201d, diz a Fecom\u00e9.<\/p>\n<p>Insatisfa\u00e7\u00e3o tem queda<\/p>\n<p>Na an\u00e1lise por renda, outubro foi o quarto m\u00eas seguido que as fam\u00edlias com mais de dez sal\u00e1rios m\u00ednimos estiveram menos insatisfeitas do que as fam\u00edlias com renda abaixo deste valor. O \u00edndice de outubro foi de 77,1 pontos (alta mensal de 8,1%) para o primeiro grupo e 72,3 pontos (eleva\u00e7\u00e3o de 4,1%) para o outro conjunto. Somente em dois meses, entre maio de 2013 e junho deste ano (38 meses), o \u00edndice das fam\u00edlias com renda mais elevada estava acima do grupo com renda mais baixa.<\/p>\n<p>Segundo a FecomercioSP, os resultados do ICF de outubro mostram que os paulistanos est\u00e3o melhorando suas avalia\u00e7\u00f5es sobre suas condi\u00e7\u00f5es econ\u00f4micas. Mesmo assim para a FecomercioSP o aumento do ICF n\u00e3o significa que ocorrer\u00e1 um aumento de consumo. \u201cEsses aumentos est\u00e3o atrelados, principalmente, ao novo ambiente econ\u00f4mico e pol\u00edtico em que se faz uma avalia\u00e7\u00e3o, mesmo que n\u00e3o seja positiva, mas que o pior j\u00e1 passou. Os pontos fundamentais que far\u00e3o uma revers\u00e3o significativa no consumo s\u00e3o: emprego e renda. E isso s\u00f3 deve vir no pr\u00f3ximo ano com o esperado aumento dos investimentos\u201d.<\/p>\n<p>Flavia Albuquerque &#8211; Rep\u00f3rter da Ag\u00eancia Brasil<br \/>\nEdi\u00e7\u00e3o: Kleber Sampaio<br \/>\n04\/11\/2016<\/p>\n","protected":false},"excerpt":{"rendered":"<p>A Inten\u00e7\u00e3o de Consumo das Fam\u00edlias (ICF), apurada mensalmente pela Federa\u00e7\u00e3o do Com\u00e9rcio de Bens, Servi\u00e7os e Turismo do Estado de S\u00e3o Paulo (Fecom\u00e9rcio\/SP), atingiu 73,5 pontos em outubro, com crescimento de 5,2% em rela\u00e7\u00e3o a setembro e 8% na compara\u00e7\u00e3o com o mesmo per\u00edodo do ano passado. Com a quarta alta consecutiva, a pontua\u00e7\u00e3o [&hellip;]<\/p>\n","protected":false},"author":2,"featured_media":57585,"comment_status":"open","ping_status":"closed","sticky":false,"template":"","format":"standard","meta":{"_genesis_hide_title":false,"_genesis_hide_breadcrumbs":false,"_genesis_hide_singular_image":false,"_genesis_hide_footer_widgets":false,"_genesis_custom_body_class":"","_genesis_custom_post_class":"","_genesis_layout":"","_jetpack_memberships_contains_paid_content":false,"footnotes":""},"categories":[22,7],"tags":[],"class_list":{"0":"post-98930","1":"post","2":"type-post","3":"status-publish","4":"format-standard","5":"has-post-thumbnail","7":"category-brasil","8":"category-economia","9":"entry","10":"gs-1","11":"gs-odd","12":"gs-even","13":"gs-featured-content-entry"},"jetpack_featured_media_url":"https:\/\/www.redenoticia.com.br\/noticia\/imagens\/analise-economia.jpg","jetpack_sharing_enabled":true,"jetpack_likes_enabled":true,"_links":{"self":[{"href":"https:\/\/www.redenoticia.com.br\/noticia\/wp-json\/wp\/v2\/posts\/98930","targetHints":{"allow":["GET"]}}],"collection":[{"href":"https:\/\/www.redenoticia.com.br\/noticia\/wp-json\/wp\/v2\/posts"}],"about":[{"href":"https:\/\/www.redenoticia.com.br\/noticia\/wp-json\/wp\/v2\/types\/post"}],"author":[{"embeddable":true,"href":"https:\/\/www.redenoticia.com.br\/noticia\/wp-json\/wp\/v2\/users\/2"}],"replies":[{"embeddable":true,"href":"https:\/\/www.redenoticia.com.br\/noticia\/wp-json\/wp\/v2\/comments?post=98930"}],"version-history":[{"count":0,"href":"https:\/\/www.redenoticia.com.br\/noticia\/wp-json\/wp\/v2\/posts\/98930\/revisions"}],"wp:featuredmedia":[{"embeddable":true,"href":"https:\/\/www.redenoticia.com.br\/noticia\/wp-json\/wp\/v2\/media\/57585"}],"wp:attachment":[{"href":"https:\/\/www.redenoticia.com.br\/noticia\/wp-json\/wp\/v2\/media?parent=98930"}],"wp:term":[{"taxonomy":"category","embeddable":true,"href":"https:\/\/www.redenoticia.com.br\/noticia\/wp-json\/wp\/v2\/categories?post=98930"},{"taxonomy":"post_tag","embeddable":true,"href":"https:\/\/www.redenoticia.com.br\/noticia\/wp-json\/wp\/v2\/tags?post=98930"}],"curies":[{"name":"wp","href":"https:\/\/api.w.org\/{rel}","templated":true}]}}