{"id":98924,"date":"2016-11-04T06:19:56","date_gmt":"2016-11-04T08:19:56","guid":{"rendered":"http:\/\/www.redenoticia.com.br\/noticia\/?p=98924"},"modified":"2016-11-03T16:21:48","modified_gmt":"2016-11-03T18:21:48","slug":"enem-o-que-levar-no-dia-da-prova-e-o-que-e-proibido-durante-o-exame","status":"publish","type":"post","link":"https:\/\/www.redenoticia.com.br\/noticia\/2016\/enem-o-que-levar-no-dia-da-prova-e-o-que-e-proibido-durante-o-exame\/98924","title":{"rendered":"Enem: o que levar no dia da prova e o que \u00e9 proibido durante o exame"},"content":{"rendered":"<p> Ap\u00f3s a rotina de estudos e em meio \u00e0 ansiedade nos dias que antecedem o Exame Nacional do Ensino M\u00e9dio (<strong><em>Enem<\/em><\/strong>), o estudante deve ficar atento ao material que precisa levar no dia da prova e ao que n\u00e3o \u00e9 permitido durante a aplica\u00e7\u00e3o do exame.<\/p>\n<p>Para fazer as provas, a reda\u00e7\u00e3o e preencher o cart\u00e3o de respostas o candidato ter\u00e1 de usar caneta esferogr\u00e1fica de tinta preta, fabricada com material transparente. Outra cor de tinta impossibilita a leitura \u00f3ptica do cart\u00e3o de respostas.<\/p>\n<p>N\u00e3o \u00e9 autorizado o uso de celular ou qualquer aparelho eletr\u00f4nico durante as provas. Os aparelhos ter\u00e3o de ser colocados em um porta-objetos com lacre, que dever\u00e1 ficar embaixo da cadeira at\u00e9 o final das provas.<\/p>\n<p>Nas \u00faltimas edi\u00e7\u00f5es do Enem, candidatos foram eliminados por postar imagens da prova em redes sociais. O diretor do Col\u00e9gio Conc\u00f3rdia, de S\u00e3o Paulo, Edson Wander Eller, alerta os estudantes para o risco de tirar fotos e usar redes sociais no exame. \u201cHoje, com a moda dos selfies, \u00e9 comum o aluno entrar na sala e querer fotografar a prova e publicar nas redes sociais. \u00c9 importante lembrar que o Minist\u00e9rio da Educa\u00e7\u00e3o e outros \u00f3rg\u00e3os do governo fazem o acompanhamento disso e podem fazer com que o aluno seja desclassificado\u201d, diz o professor.<\/p>\n<p>O candidato tamb\u00e9m n\u00e3o poder\u00e1 usar l\u00e1pis, lapiseira, borrachas, livros, manuais, impressos, anota\u00e7\u00f5es, \u00f3culos escuros, bon\u00e9, chap\u00e9u, gorro e similares e portar armas de qualquer esp\u00e9cie, mesmo com documento de porte. Se estiver com um desses objetos, eles dever\u00e3o ser colocados no porta-objetos.<\/p>\n<p>Neste ano haver\u00e1, pela primeira vez, identifica\u00e7\u00e3o biom\u00e9trica dos estudantes. O objetivo \u00e9 prevenir fraudes. As impress\u00f5es digitais ser\u00e3o colhidas durante as provas. O Minist\u00e9rio da Educa\u00e7\u00e3o informou que tamb\u00e9m haver\u00e1 fiscaliza\u00e7\u00e3o dos lanches dos candidatos.<\/p>\n<p> Ao receber a prova, \u00e9 importante que o estudante verifique se o caderno de quest\u00f5es e o cart\u00e3o de respostas t\u00eam a mesma quantidade de itens e se n\u00e3o h\u00e1 defeito gr\u00e1fico. \u00c9 recomendado ler e conferir as informa\u00e7\u00f5es no caderno de quest\u00f5es, no cart\u00e3o-resposta, na folha de reda\u00e7\u00e3o e na lista de presen\u00e7a.<\/p>\n<p>O aluno poder\u00e1 deixar o local ap\u00f3s duas horas do in\u00edcio da prova. S\u00f3 \u00e9 poss\u00edvel sair com o caderno de quest\u00f5es nos \u00faltimos 30 minutos antes do fim das provas. Caso descumpra qualquer uma dessas regras, ser\u00e1 eliminado.<\/p>\n<p>O documento de identidade com foto \u00e9 obrigat\u00f3rio para fazer o exame. Pode ser apresentada a carteira de identidade, a identidade expedida pelo Minist\u00e9rio da Justi\u00e7a para estrangeiros, as carteiras expedidas por ordens ou conselhos de classes validadas por lei, a carteira de trabalho, o certificado de reservista, o passaporte ou a carteira de habilita\u00e7\u00e3o.<\/p>\n<p>Se tiver perdido o documento, o estudante deve apresentar boletim de ocorr\u00eancia com data de, no m\u00e1ximo, 90 dias antes da prova.<\/p>\n<p>Yara Aquino &#8211; Rep\u00f3rter da Ag\u00eancia Brasil<br \/>\nEdi\u00e7\u00e3o: Gra\u00e7a Adjuto<br \/>\n04\/11\/2016<\/p>\n","protected":false},"excerpt":{"rendered":"<p>Ap\u00f3s a rotina de estudos e em meio \u00e0 ansiedade nos dias que antecedem o Exame Nacional do Ensino M\u00e9dio (Enem), o estudante deve ficar atento ao material que precisa levar no dia da prova e ao que n\u00e3o \u00e9 permitido durante a aplica\u00e7\u00e3o do exame. Para fazer as provas, a reda\u00e7\u00e3o e preencher o [&hellip;]<\/p>\n","protected":false},"author":2,"featured_media":36938,"comment_status":"open","ping_status":"closed","sticky":false,"template":"","format":"standard","meta":{"_genesis_hide_title":false,"_genesis_hide_breadcrumbs":false,"_genesis_hide_singular_image":false,"_genesis_hide_footer_widgets":false,"_genesis_custom_body_class":"","_genesis_custom_post_class":"","_genesis_layout":"","_jetpack_memberships_contains_paid_content":false,"footnotes":""},"categories":[22],"tags":[],"class_list":{"0":"post-98924","1":"post","2":"type-post","3":"status-publish","4":"format-standard","5":"has-post-thumbnail","7":"category-brasil","8":"entry","9":"gs-1","10":"gs-odd","11":"gs-even","12":"gs-featured-content-entry"},"jetpack_featured_media_url":"https:\/\/www.redenoticia.com.br\/noticia\/imagens\/enem-gabarito-resultado.jpg","jetpack_sharing_enabled":true,"jetpack_likes_enabled":true,"_links":{"self":[{"href":"https:\/\/www.redenoticia.com.br\/noticia\/wp-json\/wp\/v2\/posts\/98924","targetHints":{"allow":["GET"]}}],"collection":[{"href":"https:\/\/www.redenoticia.com.br\/noticia\/wp-json\/wp\/v2\/posts"}],"about":[{"href":"https:\/\/www.redenoticia.com.br\/noticia\/wp-json\/wp\/v2\/types\/post"}],"author":[{"embeddable":true,"href":"https:\/\/www.redenoticia.com.br\/noticia\/wp-json\/wp\/v2\/users\/2"}],"replies":[{"embeddable":true,"href":"https:\/\/www.redenoticia.com.br\/noticia\/wp-json\/wp\/v2\/comments?post=98924"}],"version-history":[{"count":0,"href":"https:\/\/www.redenoticia.com.br\/noticia\/wp-json\/wp\/v2\/posts\/98924\/revisions"}],"wp:featuredmedia":[{"embeddable":true,"href":"https:\/\/www.redenoticia.com.br\/noticia\/wp-json\/wp\/v2\/media\/36938"}],"wp:attachment":[{"href":"https:\/\/www.redenoticia.com.br\/noticia\/wp-json\/wp\/v2\/media?parent=98924"}],"wp:term":[{"taxonomy":"category","embeddable":true,"href":"https:\/\/www.redenoticia.com.br\/noticia\/wp-json\/wp\/v2\/categories?post=98924"},{"taxonomy":"post_tag","embeddable":true,"href":"https:\/\/www.redenoticia.com.br\/noticia\/wp-json\/wp\/v2\/tags?post=98924"}],"curies":[{"name":"wp","href":"https:\/\/api.w.org\/{rel}","templated":true}]}}