{"id":98922,"date":"2016-11-04T06:19:08","date_gmt":"2016-11-04T08:19:08","guid":{"rendered":"http:\/\/www.redenoticia.com.br\/noticia\/?p=98922"},"modified":"2016-11-03T16:19:51","modified_gmt":"2016-11-03T18:19:51","slug":"prazo-para-adesao-de-instituicoes-ao-sisu-sera-aberto-na-proxima-semana","status":"publish","type":"post","link":"https:\/\/www.redenoticia.com.br\/noticia\/2016\/prazo-para-adesao-de-instituicoes-ao-sisu-sera-aberto-na-proxima-semana\/98922","title":{"rendered":"Prazo para ades\u00e3o de institui\u00e7\u00f5es ao Sisu ser\u00e1 aberto na pr\u00f3xima semana"},"content":{"rendered":"<p> Institui\u00e7\u00f5es p\u00fablicas de ensino superior interessadas em participar da primeira edi\u00e7\u00e3o de 2017 do Sistema de Sele\u00e7\u00e3o Unificada (<strong><em>Sisu<\/em><\/strong>) devem aderir ao programa pela internet a partir do dia 7 de novembro. O cronograma e as informa\u00e7\u00f5es sobre os procedimentos de ades\u00e3o est\u00e3o publicados na .\u00a0O prazo encerra no dia 23 de novembro.<\/p>\n<p>Todos os procedimentos operacionais referentes ao Sisu ser\u00e3o efetuados, exclusivamente, .<\/p>\n<p>O edital determina que a sele\u00e7\u00e3o dos candidatos \u00e0s vagas disponibilizadas por meio do Sisu seja feita a partir dos resultados obtidos pelos estudantes no Exame Nacional do Ensino M\u00e9dio (Enem) referente ao ano de 2016.<\/p>\n<p>O Sisu \u00e9 um sistema informatizado em que as institui\u00e7\u00f5es p\u00fablicas de ensino superior ofertam vagas a estudantes que fizeram a prova do Enem. S\u00e3o selecionados os candidatos mais bem classificados dentro do n\u00famero de vagas ofertadas. A inscri\u00e7\u00e3o \u00e9 gratuita e feita pela internet.<\/p>\n<p>Yara Aquino &#8211; Rep\u00f3rter da Ag\u00eancia Brasil<br \/>\nEdi\u00e7\u00e3o: L\u00edlian Beraldo<br \/>\n04\/11\/2016<\/p>\n","protected":false},"excerpt":{"rendered":"<p>Institui\u00e7\u00f5es p\u00fablicas de ensino superior interessadas em participar da primeira edi\u00e7\u00e3o de 2017 do Sistema de Sele\u00e7\u00e3o Unificada (Sisu) devem aderir ao programa pela internet a partir do dia 7 de novembro. O cronograma e as informa\u00e7\u00f5es sobre os procedimentos de ades\u00e3o est\u00e3o publicados na .\u00a0O prazo encerra no dia 23 de novembro. Todos os [&hellip;]<\/p>\n","protected":false},"author":2,"featured_media":22752,"comment_status":"open","ping_status":"closed","sticky":false,"template":"","format":"standard","meta":{"_genesis_hide_title":false,"_genesis_hide_breadcrumbs":false,"_genesis_hide_singular_image":false,"_genesis_hide_footer_widgets":false,"_genesis_custom_body_class":"","_genesis_custom_post_class":"","_genesis_layout":"","_jetpack_memberships_contains_paid_content":false,"footnotes":""},"categories":[22],"tags":[],"class_list":{"0":"post-98922","1":"post","2":"type-post","3":"status-publish","4":"format-standard","5":"has-post-thumbnail","7":"category-brasil","8":"entry","9":"gs-1","10":"gs-odd","11":"gs-even","12":"gs-featured-content-entry"},"jetpack_featured_media_url":"https:\/\/www.redenoticia.com.br\/noticia\/imagens\/sisu-enem-mec.jpg","jetpack_sharing_enabled":true,"jetpack_likes_enabled":true,"_links":{"self":[{"href":"https:\/\/www.redenoticia.com.br\/noticia\/wp-json\/wp\/v2\/posts\/98922","targetHints":{"allow":["GET"]}}],"collection":[{"href":"https:\/\/www.redenoticia.com.br\/noticia\/wp-json\/wp\/v2\/posts"}],"about":[{"href":"https:\/\/www.redenoticia.com.br\/noticia\/wp-json\/wp\/v2\/types\/post"}],"author":[{"embeddable":true,"href":"https:\/\/www.redenoticia.com.br\/noticia\/wp-json\/wp\/v2\/users\/2"}],"replies":[{"embeddable":true,"href":"https:\/\/www.redenoticia.com.br\/noticia\/wp-json\/wp\/v2\/comments?post=98922"}],"version-history":[{"count":0,"href":"https:\/\/www.redenoticia.com.br\/noticia\/wp-json\/wp\/v2\/posts\/98922\/revisions"}],"wp:featuredmedia":[{"embeddable":true,"href":"https:\/\/www.redenoticia.com.br\/noticia\/wp-json\/wp\/v2\/media\/22752"}],"wp:attachment":[{"href":"https:\/\/www.redenoticia.com.br\/noticia\/wp-json\/wp\/v2\/media?parent=98922"}],"wp:term":[{"taxonomy":"category","embeddable":true,"href":"https:\/\/www.redenoticia.com.br\/noticia\/wp-json\/wp\/v2\/categories?post=98922"},{"taxonomy":"post_tag","embeddable":true,"href":"https:\/\/www.redenoticia.com.br\/noticia\/wp-json\/wp\/v2\/tags?post=98922"}],"curies":[{"name":"wp","href":"https:\/\/api.w.org\/{rel}","templated":true}]}}