{"id":98876,"date":"2016-11-03T19:40:30","date_gmt":"2016-11-03T21:40:30","guid":{"rendered":"http:\/\/www.redenoticia.com.br\/noticia\/?p=98876"},"modified":"2016-11-03T15:48:21","modified_gmt":"2016-11-03T17:48:21","slug":"novela-haja-coracao-resumo-0411-camila-tem-um-flash-de-memoria","status":"publish","type":"post","link":"https:\/\/www.redenoticia.com.br\/noticia\/2016\/novela-haja-coracao-resumo-0411-camila-tem-um-flash-de-memoria\/98876","title":{"rendered":"Novela \u201cHaja Cora\u00e7\u00e3o\u201d resumo 04\/11: Camila lembra de que Bruna \u00e9 doida"},"content":{"rendered":"<p><img loading=\"lazy\" decoding=\"async\" class=\"alignleft size-thumbnail wp-image-87038\" src=\"https:\/\/www.redenoticia.com.br\/noticia\/imagens\/haja_coracao_novela_resumo_capitulo_globo-150x112.jpg\" alt=\"haja_coracao_novela_resumo_capitulo_globo\" width=\"150\" height=\"112\" srcset=\"https:\/\/www.redenoticia.com.br\/noticia\/imagens\/haja_coracao_novela_resumo_capitulo_globo-150x112.jpg 150w, https:\/\/www.redenoticia.com.br\/noticia\/imagens\/haja_coracao_novela_resumo_capitulo_globo-265x198.jpg 265w\" sizes=\"auto, (max-width: 150px) 100vw, 150px\" \/><strong><em>Novela \u201cHaja Cora\u00e7\u00e3o\u201d resumo 04\/11<\/em><\/strong>: Giovanni \u00e9 trancafiado em um cativeiro. Com o bra\u00e7o ferido e com dores porque tentou pular do carro de Bruna, ele \u00e9 dopado e amarrado pela sequestradora.\u00a0Giovanni\u00a0tenta algumas vezes gritar por socorro, mas a advogada o avisa de que ningu\u00e9m pode ouvi-lo onde est\u00e3o. Bruna \u00e9 dura com ele e chega a dar um tapa em sua cara. Em choque, ele pede para a ex-namorada o soltar. A advogada repete v\u00e1rias vezes que eles v\u00e3o passar muito tempo juntos ali. \u00c0 noite, Bruna coloca lingerie sensual e se deita ao lado do amado como se fosse ter uma noite de amor. Quando o efeito do medicamento passa, Giovanni d\u00e1 um golpe na cabe\u00e7a de Bruna com uma muleta e a advogada desmaia. Com dificuldade, ele encontra as chaves do carro e sai de casa. Assim que d\u00e1 a partida no ve\u00edculo, Giovanni percebe que Bruna sai do chal\u00e9 a correr e a gritar. Cada vez mais descontrolada, a advogada entra na frente de um carro quando o amado tenta fugir do cativeiro. Ela ordena que ele des\u00e7a do autom\u00f3vel, mas o t\u00e9cnico n\u00e3o obedece. Bruna dispara e acerta o banco do passageiro. Os vidros se espatifam, caem sobre Giovanni e machucam sua testa. Ele \u00e9 arrastado novamente para dentro do chal\u00e9. Ao mesmo tempo, Camila tem um flash de mem\u00f3ria e lembra de que Bruna \u00e9 doida e capaz de estar por tr\u00e1s do sumi\u00e7o de Giovanni. <\/p>\n<p>No cap\u00edtulo 135(*), novela \u201cHaja Cora\u00e7\u00e3o\u201d, sexta-feira, 04 de novembro \u2013 Felipe diz a Shirlei que o julgamento foi marcado para a semana seguinte. A garota fica desesperada e ele diz que ela n\u00e3o vai ser condenada se acusar J\u00e9ssica e Carmela.<\/p>\n<p>O casal conversa na sala da casa de Francesca quando Carmela chega para buscar um documento. Sem ser vista, a vil\u00e3 fica parada perto da porta e escuta a irm\u00e3 dizer que prefere ser presa a acus\u00e1-la. Carmela ficar emocionada ao ouvir a irm\u00e3 dizer que quer o melhor para ela.<\/p>\n<p>Muito tocada, Carmela vai embora aos prantos. Camila vasculha o escrit\u00f3rio de Bruna e se lembra do dia em que a vil\u00e3 tentou mat\u00e1-la. A fot\u00f3grafa pede ajuda a En\u00e9as para investigar a advogada e, ap\u00f3s flashes de mem\u00f3ria, deduzir que Giovani corre perigo.<\/p>\n<p>(*) edi\u00e7\u00e3o da Rede Globo, Novela \u201cHaja Cora\u00e7\u00e3o\u201d, sujeito a altera\u00e7\u00e3o de data e conte\u00fado.<\/p>\n","protected":false},"excerpt":{"rendered":"<p>Novela \u201cHaja Cora\u00e7\u00e3o\u201d resumo 04\/11: Giovanni \u00e9 trancafiado em um cativeiro. Com o bra\u00e7o ferido e com dores porque tentou pular do carro de Bruna, ele \u00e9 dopado e amarrado pela sequestradora.\u00a0Giovanni\u00a0tenta algumas vezes gritar por socorro, mas a advogada o avisa de que ningu\u00e9m pode ouvi-lo onde est\u00e3o. Bruna \u00e9 dura com ele e [&hellip;]<\/p>\n","protected":false},"author":4,"featured_media":87038,"comment_status":"open","ping_status":"closed","sticky":false,"template":"","format":"standard","meta":{"_genesis_hide_title":false,"_genesis_hide_breadcrumbs":false,"_genesis_hide_singular_image":false,"_genesis_hide_footer_widgets":false,"_genesis_custom_body_class":"","_genesis_custom_post_class":"","_genesis_layout":"","_jetpack_memberships_contains_paid_content":false,"footnotes":""},"categories":[379,375,343],"tags":[441],"class_list":{"0":"post-98876","1":"post","2":"type-post","3":"status-publish","4":"format-standard","5":"has-post-thumbnail","7":"category-novelas","8":"category-rede-globo","9":"category-televisao","10":"tag-resumo-do-dia","11":"entry","12":"gs-1","13":"gs-odd","14":"gs-even","15":"gs-featured-content-entry"},"jetpack_featured_media_url":"https:\/\/www.redenoticia.com.br\/noticia\/imagens\/haja_coracao_novela_resumo_capitulo_globo.jpg","jetpack_sharing_enabled":true,"jetpack_likes_enabled":true,"_links":{"self":[{"href":"https:\/\/www.redenoticia.com.br\/noticia\/wp-json\/wp\/v2\/posts\/98876","targetHints":{"allow":["GET"]}}],"collection":[{"href":"https:\/\/www.redenoticia.com.br\/noticia\/wp-json\/wp\/v2\/posts"}],"about":[{"href":"https:\/\/www.redenoticia.com.br\/noticia\/wp-json\/wp\/v2\/types\/post"}],"author":[{"embeddable":true,"href":"https:\/\/www.redenoticia.com.br\/noticia\/wp-json\/wp\/v2\/users\/4"}],"replies":[{"embeddable":true,"href":"https:\/\/www.redenoticia.com.br\/noticia\/wp-json\/wp\/v2\/comments?post=98876"}],"version-history":[{"count":0,"href":"https:\/\/www.redenoticia.com.br\/noticia\/wp-json\/wp\/v2\/posts\/98876\/revisions"}],"wp:featuredmedia":[{"embeddable":true,"href":"https:\/\/www.redenoticia.com.br\/noticia\/wp-json\/wp\/v2\/media\/87038"}],"wp:attachment":[{"href":"https:\/\/www.redenoticia.com.br\/noticia\/wp-json\/wp\/v2\/media?parent=98876"}],"wp:term":[{"taxonomy":"category","embeddable":true,"href":"https:\/\/www.redenoticia.com.br\/noticia\/wp-json\/wp\/v2\/categories?post=98876"},{"taxonomy":"post_tag","embeddable":true,"href":"https:\/\/www.redenoticia.com.br\/noticia\/wp-json\/wp\/v2\/tags?post=98876"}],"curies":[{"name":"wp","href":"https:\/\/api.w.org\/{rel}","templated":true}]}}