{"id":98771,"date":"2016-11-03T06:53:56","date_gmt":"2016-11-03T08:53:56","guid":{"rendered":"http:\/\/www.redenoticia.com.br\/noticia\/?p=98771"},"modified":"2016-11-01T18:54:32","modified_gmt":"2016-11-01T20:54:32","slug":"balanca-acumula-superavit-recorde-de-us-385-bi-ate-outubro","status":"publish","type":"post","link":"https:\/\/www.redenoticia.com.br\/noticia\/2016\/balanca-acumula-superavit-recorde-de-us-385-bi-ate-outubro\/98771","title":{"rendered":"Balan\u00e7a acumula super\u00e1vit recorde de US$ 38,5 bi at\u00e9 outubro"},"content":{"rendered":"<p> A <strong><em>balan\u00e7a comercial<\/em><\/strong> brasileira acumula super\u00e1vit de US$ 38,527 bilh\u00f5es de janeiro a outubro deste ano. O resultado \u00e9 o melhor para o per\u00edodo desde o in\u00edcio da s\u00e9rie hist\u00f3rica, em 1989. Antes, o maior saldo registrado havia sido o de janeiro a outubro de 2006, positivo em US$ 38,166 bilh\u00f5es.<\/p>\n<p> O governo projeta super\u00e1vit entre US$ 45 bilh\u00f5es e US$ 50 bilh\u00f5es para 2016. O resultado pode ser recorde hist\u00f3rico anual, caso supere o saldo positivo de US$ 46,4 bilh\u00f5es verificado em 2006.<\/p>\n<p>Para o m\u00eas de outubro, foi registrado super\u00e1vit de US$ 2,346 bilh\u00f5es, o melhor para o per\u00edodo desde 2011. Naquele ano, houve saldo positivo de US$ 2,362 bilh\u00f5es para o mesmo m\u00eas.<\/p>\n<p>Os dados foram divulgados pelo Minist\u00e9rio da Ind\u00fastria, Com\u00e9rcio Exterior e Servi\u00e7os. A balan\u00e7a comercial tem super\u00e1vit quando as exporta\u00e7\u00f5es, vendas do Brasil para parceiros de neg\u00f3cios no exterior, superam as importa\u00e7\u00f5es, que s\u00e3o as compras do pa\u00eds tamb\u00e9m no exterior.<\/p>\n<p>Exporta\u00e7\u00f5es e importa\u00e7\u00f5es<\/p>\n<p>O saldo positivo de outubro resultou de US$ 13,721 bilh\u00f5es em exporta\u00e7\u00f5es e US$ 11,375 bilh\u00f5es em importa\u00e7\u00f5es. O valor exportado caiu 10,2% em rela\u00e7\u00e3o a outubro de 2015, segundo o crit\u00e9rio da m\u00e9dia di\u00e1ria, que leva em conta o valor negociado por dia \u00fatil. Na compara\u00e7\u00e3o com setembro, as exporta\u00e7\u00f5es ca\u00edram 8,8%.<\/p>\n<p>Em rela\u00e7\u00e3o \u00e0s compras do Brasil no exterior, houve queda de 15% na compara\u00e7\u00e3o com outubro de 2015. Comparado com setembro deste ano, as importa\u00e7\u00f5es ca\u00edram 0,4% segundo a m\u00e9dia di\u00e1ria.<\/p>\n<p>Mariana Branco \u2013 Rep\u00f3rter da Ag\u00eancia Brasil<br \/>\nEdi\u00e7\u00e3o: Lidia Neves<br \/>\n03\/11\/2016<\/p>\n","protected":false},"excerpt":{"rendered":"<p>A balan\u00e7a comercial brasileira acumula super\u00e1vit de US$ 38,527 bilh\u00f5es de janeiro a outubro deste ano. O resultado \u00e9 o melhor para o per\u00edodo desde o in\u00edcio da s\u00e9rie hist\u00f3rica, em 1989. Antes, o maior saldo registrado havia sido o de janeiro a outubro de 2006, positivo em US$ 38,166 bilh\u00f5es. O governo projeta super\u00e1vit [&hellip;]<\/p>\n","protected":false},"author":2,"featured_media":57583,"comment_status":"open","ping_status":"closed","sticky":false,"template":"","format":"standard","meta":{"_genesis_hide_title":false,"_genesis_hide_breadcrumbs":false,"_genesis_hide_singular_image":false,"_genesis_hide_footer_widgets":false,"_genesis_custom_body_class":"","_genesis_custom_post_class":"","_genesis_layout":"","_jetpack_memberships_contains_paid_content":false,"footnotes":""},"categories":[22,7],"tags":[],"class_list":{"0":"post-98771","1":"post","2":"type-post","3":"status-publish","4":"format-standard","5":"has-post-thumbnail","7":"category-brasil","8":"category-economia","9":"entry","10":"gs-1","11":"gs-odd","12":"gs-even","13":"gs-featured-content-entry"},"jetpack_featured_media_url":"https:\/\/www.redenoticia.com.br\/noticia\/imagens\/economia-grafico.jpg","jetpack_sharing_enabled":true,"jetpack_likes_enabled":true,"_links":{"self":[{"href":"https:\/\/www.redenoticia.com.br\/noticia\/wp-json\/wp\/v2\/posts\/98771","targetHints":{"allow":["GET"]}}],"collection":[{"href":"https:\/\/www.redenoticia.com.br\/noticia\/wp-json\/wp\/v2\/posts"}],"about":[{"href":"https:\/\/www.redenoticia.com.br\/noticia\/wp-json\/wp\/v2\/types\/post"}],"author":[{"embeddable":true,"href":"https:\/\/www.redenoticia.com.br\/noticia\/wp-json\/wp\/v2\/users\/2"}],"replies":[{"embeddable":true,"href":"https:\/\/www.redenoticia.com.br\/noticia\/wp-json\/wp\/v2\/comments?post=98771"}],"version-history":[{"count":0,"href":"https:\/\/www.redenoticia.com.br\/noticia\/wp-json\/wp\/v2\/posts\/98771\/revisions"}],"wp:featuredmedia":[{"embeddable":true,"href":"https:\/\/www.redenoticia.com.br\/noticia\/wp-json\/wp\/v2\/media\/57583"}],"wp:attachment":[{"href":"https:\/\/www.redenoticia.com.br\/noticia\/wp-json\/wp\/v2\/media?parent=98771"}],"wp:term":[{"taxonomy":"category","embeddable":true,"href":"https:\/\/www.redenoticia.com.br\/noticia\/wp-json\/wp\/v2\/categories?post=98771"},{"taxonomy":"post_tag","embeddable":true,"href":"https:\/\/www.redenoticia.com.br\/noticia\/wp-json\/wp\/v2\/tags?post=98771"}],"curies":[{"name":"wp","href":"https:\/\/api.w.org\/{rel}","templated":true}]}}