{"id":98769,"date":"2016-11-03T06:52:54","date_gmt":"2016-11-03T08:52:54","guid":{"rendered":"http:\/\/www.redenoticia.com.br\/noticia\/?p=98769"},"modified":"2016-11-01T18:53:51","modified_gmt":"2016-11-01T20:53:51","slug":"horas-trabalhadas-na-industria-aumentam-1-em-setembro-frente-a-agosto-diz-cni","status":"publish","type":"post","link":"https:\/\/www.redenoticia.com.br\/noticia\/2016\/horas-trabalhadas-na-industria-aumentam-1-em-setembro-frente-a-agosto-diz-cni\/98769","title":{"rendered":"Horas trabalhadas na ind\u00fastria aumentam 1% em setembro frente a agosto, diz CNI"},"content":{"rendered":"<p> Depois de uma queda acumulada de 6,7% nos \u00faltimos quatro meses, as horas trabalhadas na produ\u00e7\u00e3o aumentaram 1% em setembro frente a agosto, informou a Confedera\u00e7\u00e3o Nacional da Ind\u00fastria (CNI). De acordo com o relat\u00f3rio <strong><em>Indicadores Industriais<\/em><\/strong>, o faturamento ficou est\u00e1vel e o n\u00edvel de utiliza\u00e7\u00e3o da capacidade instalada no setor recuou 0,3%.<\/p>\n<p>Com a queda de setembro, a utiliza\u00e7\u00e3o da capacidade instalada da ind\u00fastria ficou em 76,9% na s\u00e9rie dessazonalizada (livre de influ\u00eancias sazonais), muito pr\u00f3xima do menor n\u00edvel da s\u00e9rie, que foi de 76,8% em julho. &#8220;Os indicadores industriais de setembro trazem resultados um pouco mais animadores, embora muito aqu\u00e9m do necess\u00e1rio para reverter os n\u00fameros negativos dos \u00faltimos meses&#8221;, destaca a CNI. O faturamento, por exemplo, registra uma queda de 15,5% em rela\u00e7\u00e3o a setembro de 2015.<\/p>\n<p>Mercado de trabalho<\/p>\n<p>De acordo com a pesquisa, o emprego caiu 0,9% em setembro na compara\u00e7\u00e3o com agosto na s\u00e9rie com ajuste sazonal. Foi o 20\u00ba m\u00eas consecutivo de retra\u00e7\u00e3o no emprego. Na compara\u00e7\u00e3o com setembro do ano passado, o indicador registra uma queda de 6,5%. A massa real de sal\u00e1rios aumentou 0,9% em setembro frente a agosto, na s\u00e9rie que desconta os efeitos sazonais. Na compara\u00e7\u00e3o com setembro do ano passado, o indicador registra queda da 4,7%.<\/p>\n<p>Apesar disso, o rendimento m\u00e9dio do trabalhador cresceu 1,7% em setembro frente a agosto, na s\u00e9rie com ajuste sazonal. Na compara\u00e7\u00e3o com setembro de 2015, o rendimento m\u00e9dio do trabalhador teve crescimento de 2%. O crescimento do rendimento m\u00e9dio do trabalhador e da massa de sal\u00e1rios em tempos de redu\u00e7\u00e3o do emprego ocorre por causa dos reajustes salariais de algumas categorias e da desacelera\u00e7\u00e3o da infla\u00e7\u00e3o, informou a CNI.<\/p>\n<p>Da Ag\u00eancia Brasil<br \/>\nEdi\u00e7\u00e3o: Maria Claudia<br \/>\n03\/11\/2016<\/p>\n","protected":false},"excerpt":{"rendered":"<p>Depois de uma queda acumulada de 6,7% nos \u00faltimos quatro meses, as horas trabalhadas na produ\u00e7\u00e3o aumentaram 1% em setembro frente a agosto, informou a Confedera\u00e7\u00e3o Nacional da Ind\u00fastria (CNI). De acordo com o relat\u00f3rio Indicadores Industriais, o faturamento ficou est\u00e1vel e o n\u00edvel de utiliza\u00e7\u00e3o da capacidade instalada no setor recuou 0,3%. Com a [&hellip;]<\/p>\n","protected":false},"author":2,"featured_media":57585,"comment_status":"open","ping_status":"closed","sticky":false,"template":"","format":"standard","meta":{"_genesis_hide_title":false,"_genesis_hide_breadcrumbs":false,"_genesis_hide_singular_image":false,"_genesis_hide_footer_widgets":false,"_genesis_custom_body_class":"","_genesis_custom_post_class":"","_genesis_layout":"","_jetpack_memberships_contains_paid_content":false,"footnotes":""},"categories":[22,7],"tags":[],"class_list":{"0":"post-98769","1":"post","2":"type-post","3":"status-publish","4":"format-standard","5":"has-post-thumbnail","7":"category-brasil","8":"category-economia","9":"entry","10":"gs-1","11":"gs-odd","12":"gs-even","13":"gs-featured-content-entry"},"jetpack_featured_media_url":"https:\/\/www.redenoticia.com.br\/noticia\/imagens\/analise-economia.jpg","jetpack_sharing_enabled":true,"jetpack_likes_enabled":true,"_links":{"self":[{"href":"https:\/\/www.redenoticia.com.br\/noticia\/wp-json\/wp\/v2\/posts\/98769","targetHints":{"allow":["GET"]}}],"collection":[{"href":"https:\/\/www.redenoticia.com.br\/noticia\/wp-json\/wp\/v2\/posts"}],"about":[{"href":"https:\/\/www.redenoticia.com.br\/noticia\/wp-json\/wp\/v2\/types\/post"}],"author":[{"embeddable":true,"href":"https:\/\/www.redenoticia.com.br\/noticia\/wp-json\/wp\/v2\/users\/2"}],"replies":[{"embeddable":true,"href":"https:\/\/www.redenoticia.com.br\/noticia\/wp-json\/wp\/v2\/comments?post=98769"}],"version-history":[{"count":0,"href":"https:\/\/www.redenoticia.com.br\/noticia\/wp-json\/wp\/v2\/posts\/98769\/revisions"}],"wp:featuredmedia":[{"embeddable":true,"href":"https:\/\/www.redenoticia.com.br\/noticia\/wp-json\/wp\/v2\/media\/57585"}],"wp:attachment":[{"href":"https:\/\/www.redenoticia.com.br\/noticia\/wp-json\/wp\/v2\/media?parent=98769"}],"wp:term":[{"taxonomy":"category","embeddable":true,"href":"https:\/\/www.redenoticia.com.br\/noticia\/wp-json\/wp\/v2\/categories?post=98769"},{"taxonomy":"post_tag","embeddable":true,"href":"https:\/\/www.redenoticia.com.br\/noticia\/wp-json\/wp\/v2\/tags?post=98769"}],"curies":[{"name":"wp","href":"https:\/\/api.w.org\/{rel}","templated":true}]}}