{"id":98767,"date":"2016-11-03T06:51:37","date_gmt":"2016-11-03T08:51:37","guid":{"rendered":"http:\/\/www.redenoticia.com.br\/noticia\/?p=98767"},"modified":"2016-11-01T18:52:49","modified_gmt":"2016-11-01T20:52:49","slug":"alimentos-puxam-alta-da-industria-entre-agosto-e-setembro","status":"publish","type":"post","link":"https:\/\/www.redenoticia.com.br\/noticia\/2016\/alimentos-puxam-alta-da-industria-entre-agosto-e-setembro\/98767","title":{"rendered":"Alimentos puxam alta da ind\u00fastria entre agosto e setembro"},"content":{"rendered":"<p> O crescimento de 6,4% na produ\u00e7\u00e3o de alimentos processados foi o principal respons\u00e1vel pela alta de 0,5% da <strong><em>ind\u00fastria brasileira<\/em><\/strong>, na passagem de agosto para setembro deste ano. Segundo a Pesquisa Industrial Mensal, divulgada pelo Instituto Brasileiro de Geografia e Estat\u00edstica (IBGE), tamb\u00e9m tiveram crescimento importante os segmentos de ind\u00fastrias extrativas (2,6%) e ve\u00edculos automotores (4,8%).<\/p>\n<p> De acordo com o pesquisador do IBGE Andr\u00e9 Macedo, apesar do crescimento m\u00e9dio de 0,5%, poucas atividades industriais tiveram resultado positivo na passagem de um m\u00eas para outro. Apenas nove dos 24 setores pesquisados tiveram crescimento.<\/p>\n<p>\u201cO resultado desse m\u00eas, embora tenha sido positivo, est\u00e1 muito concentrado em poucos segmentos industriais, como os produtos aliment\u00edcios, setor extrativo e ve\u00edculos automotores, que al\u00e9m de mostrarem uma expans\u00e3o mais acentuada neste m\u00eas, s\u00e3o setores que t\u00eam um peso importante dentro da estrutura industrial\u201d, disse.<\/p>\n<p>Os produtos t\u00eaxteis mantiveram a mesma produ\u00e7\u00e3o em agosto e setembro. Entre os 14 setores em queda, os principais destaques foram as m\u00e1quinas, aparelhos e materiais el\u00e9tricos, com recuo de 8,1%.<\/p>\n<p>Entre as quatro grandes categorias econ\u00f4micas, houve altas de 1,9% nos bens de consumo dur\u00e1veis e de 1,2% de bens intermedi\u00e1rios (insumos industrializados usados no setor produtivo). Os bens de consumo semi e n\u00e3o dur\u00e1veis tiveram queda de 1% e os bens de capital (m\u00e1quinas e equipamentos) tiveram recuo de 5,1%.<\/p>\n<p>Vitor Abdala &#8211; Rep\u00f3rter da Ag\u00eancia Brasil<br \/>\nEdi\u00e7\u00e3o: Lidia Neves<br \/>\n03\/11\/2016<\/p>\n","protected":false},"excerpt":{"rendered":"<p>O crescimento de 6,4% na produ\u00e7\u00e3o de alimentos processados foi o principal respons\u00e1vel pela alta de 0,5% da ind\u00fastria brasileira, na passagem de agosto para setembro deste ano. Segundo a Pesquisa Industrial Mensal, divulgada pelo Instituto Brasileiro de Geografia e Estat\u00edstica (IBGE), tamb\u00e9m tiveram crescimento importante os segmentos de ind\u00fastrias extrativas (2,6%) e ve\u00edculos automotores [&hellip;]<\/p>\n","protected":false},"author":2,"featured_media":36215,"comment_status":"open","ping_status":"closed","sticky":false,"template":"","format":"standard","meta":{"_genesis_hide_title":false,"_genesis_hide_breadcrumbs":false,"_genesis_hide_singular_image":false,"_genesis_hide_footer_widgets":false,"_genesis_custom_body_class":"","_genesis_custom_post_class":"","_genesis_layout":"","_jetpack_memberships_contains_paid_content":false,"footnotes":""},"categories":[22,7],"tags":[],"class_list":{"0":"post-98767","1":"post","2":"type-post","3":"status-publish","4":"format-standard","5":"has-post-thumbnail","7":"category-brasil","8":"category-economia","9":"entry","10":"gs-1","11":"gs-odd","12":"gs-even","13":"gs-featured-content-entry"},"jetpack_featured_media_url":"https:\/\/www.redenoticia.com.br\/noticia\/imagens\/alimento-pao-salgados.jpg","jetpack_sharing_enabled":true,"jetpack_likes_enabled":true,"_links":{"self":[{"href":"https:\/\/www.redenoticia.com.br\/noticia\/wp-json\/wp\/v2\/posts\/98767","targetHints":{"allow":["GET"]}}],"collection":[{"href":"https:\/\/www.redenoticia.com.br\/noticia\/wp-json\/wp\/v2\/posts"}],"about":[{"href":"https:\/\/www.redenoticia.com.br\/noticia\/wp-json\/wp\/v2\/types\/post"}],"author":[{"embeddable":true,"href":"https:\/\/www.redenoticia.com.br\/noticia\/wp-json\/wp\/v2\/users\/2"}],"replies":[{"embeddable":true,"href":"https:\/\/www.redenoticia.com.br\/noticia\/wp-json\/wp\/v2\/comments?post=98767"}],"version-history":[{"count":0,"href":"https:\/\/www.redenoticia.com.br\/noticia\/wp-json\/wp\/v2\/posts\/98767\/revisions"}],"wp:featuredmedia":[{"embeddable":true,"href":"https:\/\/www.redenoticia.com.br\/noticia\/wp-json\/wp\/v2\/media\/36215"}],"wp:attachment":[{"href":"https:\/\/www.redenoticia.com.br\/noticia\/wp-json\/wp\/v2\/media?parent=98767"}],"wp:term":[{"taxonomy":"category","embeddable":true,"href":"https:\/\/www.redenoticia.com.br\/noticia\/wp-json\/wp\/v2\/categories?post=98767"},{"taxonomy":"post_tag","embeddable":true,"href":"https:\/\/www.redenoticia.com.br\/noticia\/wp-json\/wp\/v2\/tags?post=98767"}],"curies":[{"name":"wp","href":"https:\/\/api.w.org\/{rel}","templated":true}]}}