{"id":98665,"date":"2016-11-01T06:32:03","date_gmt":"2016-11-01T08:32:03","guid":{"rendered":"http:\/\/www.redenoticia.com.br\/noticia\/?p=98665"},"modified":"2016-10-31T16:32:47","modified_gmt":"2016-10-31T18:32:47","slug":"mercado-financeiro-espera-que-inflacao-feche-o-ano-em-688","status":"publish","type":"post","link":"https:\/\/www.redenoticia.com.br\/noticia\/2016\/mercado-financeiro-espera-que-inflacao-feche-o-ano-em-688\/98665","title":{"rendered":"Mercado financeiro espera que infla\u00e7\u00e3o feche o ano em 6,88%"},"content":{"rendered":"<p> Institui\u00e7\u00f5es financeiras consultadas pelo Banco Central (BC) esperam por <strong><em>infla\u00e7\u00e3o<\/em><\/strong> menor neste ano. De acordo com a pesquisa Focus, divulgada \u00e0s segundas-feiras pelo BC, a proje\u00e7\u00e3o para a infla\u00e7\u00e3o, medida pelo \u00cdndice Nacional de Pre\u00e7os ao Consumidor Amplo (IPCA), caiu pela s\u00e9tima vez seguida, ao passar de 6,89% para 6,88%.<\/p>\n<p>Para 2017, a estimativa segue em 5%. As proje\u00e7\u00f5es ultrapassam o centro da meta que \u00e9 4,5%. O teto da meta \u00e9 6,5%, este ano, e 6% em 2017.<\/p>\n<p>A proje\u00e7\u00e3o de institui\u00e7\u00f5es financeiras para a queda da economia (Produto Interno Bruto \u2013 PIB \u2013 a soma de todas as riquezas produzidas pelo pa\u00eds), este ano passou pela quarta piora seguida, ao ser ajustada de 3,22% para 3,30%. Para 2017, a expectativa de crescimento foi reduzida de 1,23% para 1,21%.<\/p>\n<p>Taxa b\u00e1sica<\/p>\n<p>Com a expectativa de retra\u00e7\u00e3o da economia e infla\u00e7\u00e3o menor, as institui\u00e7\u00f5es financeiras esperam que a taxa b\u00e1sica de juros, a Selic, encerre 2017 em 13,50% ao ano. Atualmente, a Selic est\u00e1 em 14% ao ano.<\/p>\n<p>Para as institui\u00e7\u00f5es financeiras, o BC dar\u00e1 continuidade ao ciclo de redu\u00e7\u00e3o da Selic no pr\u00f3ximo ano. A expectativa \u00e9 que a taxa b\u00e1sica termine 2017 em 10,75% ao ano. A estimativa da semana passada era de 11% ao ano. A taxa \u00e9 usada nas negocia\u00e7\u00f5es de t\u00edtulos p\u00fablicos no Sistema Especial de Liquida\u00e7\u00e3o e Cust\u00f3dia (Selic) e serve como refer\u00eancia para as demais taxas de juros da economia.<\/p>\n<p>Ao reajust\u00e1-la para cima, o BC cont\u00e9m o excesso de demanda que pressiona os pre\u00e7os, porque os juros mais altos encarecem o cr\u00e9dito e estimulam a poupan\u00e7a. Quando reduz os juros b\u00e1sicos, o Copom barateia o cr\u00e9dito e incentiva a produ\u00e7\u00e3o e o consumo, mas alivia o controle sobre a infla\u00e7\u00e3o.<\/p>\n<p>Kelly Oliveira &#8211; Rep\u00f3rter da Ag\u00eancia Brasil<br \/>\nEdi\u00e7\u00e3o: Kleber Sampaio<br \/>\n01\/11\/2016<\/p>\n","protected":false},"excerpt":{"rendered":"<p>Institui\u00e7\u00f5es financeiras consultadas pelo Banco Central (BC) esperam por infla\u00e7\u00e3o menor neste ano. De acordo com a pesquisa Focus, divulgada \u00e0s segundas-feiras pelo BC, a proje\u00e7\u00e3o para a infla\u00e7\u00e3o, medida pelo \u00cdndice Nacional de Pre\u00e7os ao Consumidor Amplo (IPCA), caiu pela s\u00e9tima vez seguida, ao passar de 6,89% para 6,88%. Para 2017, a estimativa segue [&hellip;]<\/p>\n","protected":false},"author":2,"featured_media":57584,"comment_status":"open","ping_status":"closed","sticky":false,"template":"","format":"standard","meta":{"_genesis_hide_title":false,"_genesis_hide_breadcrumbs":false,"_genesis_hide_singular_image":false,"_genesis_hide_footer_widgets":false,"_genesis_custom_body_class":"","_genesis_custom_post_class":"","_genesis_layout":"","_jetpack_memberships_contains_paid_content":false,"footnotes":""},"categories":[22,7],"tags":[],"class_list":{"0":"post-98665","1":"post","2":"type-post","3":"status-publish","4":"format-standard","5":"has-post-thumbnail","7":"category-brasil","8":"category-economia","9":"entry","10":"gs-1","11":"gs-odd","12":"gs-even","13":"gs-featured-content-entry"},"jetpack_featured_media_url":"https:\/\/www.redenoticia.com.br\/noticia\/imagens\/economia-grafica-analise-inflacao.jpg","jetpack_sharing_enabled":true,"jetpack_likes_enabled":true,"_links":{"self":[{"href":"https:\/\/www.redenoticia.com.br\/noticia\/wp-json\/wp\/v2\/posts\/98665","targetHints":{"allow":["GET"]}}],"collection":[{"href":"https:\/\/www.redenoticia.com.br\/noticia\/wp-json\/wp\/v2\/posts"}],"about":[{"href":"https:\/\/www.redenoticia.com.br\/noticia\/wp-json\/wp\/v2\/types\/post"}],"author":[{"embeddable":true,"href":"https:\/\/www.redenoticia.com.br\/noticia\/wp-json\/wp\/v2\/users\/2"}],"replies":[{"embeddable":true,"href":"https:\/\/www.redenoticia.com.br\/noticia\/wp-json\/wp\/v2\/comments?post=98665"}],"version-history":[{"count":0,"href":"https:\/\/www.redenoticia.com.br\/noticia\/wp-json\/wp\/v2\/posts\/98665\/revisions"}],"wp:featuredmedia":[{"embeddable":true,"href":"https:\/\/www.redenoticia.com.br\/noticia\/wp-json\/wp\/v2\/media\/57584"}],"wp:attachment":[{"href":"https:\/\/www.redenoticia.com.br\/noticia\/wp-json\/wp\/v2\/media?parent=98665"}],"wp:term":[{"taxonomy":"category","embeddable":true,"href":"https:\/\/www.redenoticia.com.br\/noticia\/wp-json\/wp\/v2\/categories?post=98665"},{"taxonomy":"post_tag","embeddable":true,"href":"https:\/\/www.redenoticia.com.br\/noticia\/wp-json\/wp\/v2\/tags?post=98665"}],"curies":[{"name":"wp","href":"https:\/\/api.w.org\/{rel}","templated":true}]}}