{"id":98663,"date":"2016-11-01T06:31:06","date_gmt":"2016-11-01T08:31:06","guid":{"rendered":"http:\/\/www.redenoticia.com.br\/noticia\/?p=98663"},"modified":"2016-10-31T16:31:57","modified_gmt":"2016-10-31T18:31:57","slug":"confianca-da-industria-cai-no-trimestre-encerrado-em-outubro","status":"publish","type":"post","link":"https:\/\/www.redenoticia.com.br\/noticia\/2016\/confianca-da-industria-cai-no-trimestre-encerrado-em-outubro\/98663","title":{"rendered":"Confian\u00e7a da ind\u00fastria cai no trimestre encerrado em outubro"},"content":{"rendered":"<p> O <strong><em>\u00cdndice de Confian\u00e7a da Ind\u00fastria<\/em><\/strong> (ICI) teve queda de 1,6 ponto no trimestre encerrado em outubro. Setembro registrou alta de 2,1 pontos, ao atingir 86,6 pontos. Quinze dos 19 segmentos pesquisados apresentaram retra\u00e7\u00e3o.<\/p>\n<p>A pesquisa Sondagem da Ind\u00fastria de Transforma\u00e7\u00e3o foi feita pelo Instituto Brasileiro de Economia (Ibre) da Funda\u00e7\u00e3o Getulio Vargas (FGV) em 1.121 empresas, entre os \u00faltimos dias 3 e 27. Para 12,7% das empresas consultadas, os estoques est\u00e3o excessivos. O \u00edndice \u00e9 o mais baixo desde janeiro do ano passado, quando a taxa oscilou em 11,5%. A parcela de empresas que apontaram a exist\u00eancia de estoques insuficientes diminuiu de 7,1% para 4,8% do total.<\/p>\n<p>O superintendente de Estat\u00edsticas P\u00fablicas da FGV, Aloisio Campelo Junior, afirmou que a retomada do crescimento econ\u00f4mico deve ocorrer, mas em ritmo mais lento .\u201cO tombo da produ\u00e7\u00e3o f\u00edsica em agosto, registrado pelo IBGE, n\u00e3o representou uma revers\u00e3o da tend\u00eancia de recupera\u00e7\u00e3o da economia, mas mostrou que o ritmo de retomada ser\u00e1 bem mais lento do que o setor industrial previa no in\u00edcio deste semestre\u201d.<\/p>\n<p>A sondagem mostrou recrudescimento tanto em rela\u00e7\u00e3o ao momento atual quanto ao desempenho para os pr\u00f3ximos seis meses. No \u00cdndice da Situa\u00e7\u00e3o Atual (ISA), houve queda de 1,8 ponto, para 84,9 pontos, o menor desde junho e no \u00cdndice de Expectativas (IE), recuo de 1,4 ponto, para 88,4 pontos.<\/p>\n<p>A propor\u00e7\u00e3o de empresas que planejam abrir novas vagas no mercado de trabalho, nos pr\u00f3ximos meses, diminuiu de 12,5% para 10,9% . Ao mesmo tempo, aumentou a parcela das que acreditam que haver\u00e1 necessidade de cortes &#8211; de 22,1% para 23,2%.<\/p>\n<p>O N\u00edvel de Utiliza\u00e7\u00e3o da Capacidade Instalada (Nuci) caiu 1,0 ponto percentual, atingindo 73,7% .<\/p>\n<p>Marli Moreira &#8211; Rep\u00f3rter da Ag\u00eancia Brasil<br \/>\nEdi\u00e7\u00e3o: Gra\u00e7a Adjuto<br \/>\n01\/11\/2016<\/p>\n","protected":false},"excerpt":{"rendered":"<p>O \u00cdndice de Confian\u00e7a da Ind\u00fastria (ICI) teve queda de 1,6 ponto no trimestre encerrado em outubro. Setembro registrou alta de 2,1 pontos, ao atingir 86,6 pontos. Quinze dos 19 segmentos pesquisados apresentaram retra\u00e7\u00e3o. A pesquisa Sondagem da Ind\u00fastria de Transforma\u00e7\u00e3o foi feita pelo Instituto Brasileiro de Economia (Ibre) da Funda\u00e7\u00e3o Getulio Vargas (FGV) em [&hellip;]<\/p>\n","protected":false},"author":2,"featured_media":57585,"comment_status":"open","ping_status":"closed","sticky":false,"template":"","format":"standard","meta":{"_genesis_hide_title":false,"_genesis_hide_breadcrumbs":false,"_genesis_hide_singular_image":false,"_genesis_hide_footer_widgets":false,"_genesis_custom_body_class":"","_genesis_custom_post_class":"","_genesis_layout":"","_jetpack_memberships_contains_paid_content":false,"footnotes":""},"categories":[22,7],"tags":[],"class_list":{"0":"post-98663","1":"post","2":"type-post","3":"status-publish","4":"format-standard","5":"has-post-thumbnail","7":"category-brasil","8":"category-economia","9":"entry","10":"gs-1","11":"gs-odd","12":"gs-even","13":"gs-featured-content-entry"},"jetpack_featured_media_url":"https:\/\/www.redenoticia.com.br\/noticia\/imagens\/analise-economia.jpg","jetpack_sharing_enabled":true,"jetpack_likes_enabled":true,"_links":{"self":[{"href":"https:\/\/www.redenoticia.com.br\/noticia\/wp-json\/wp\/v2\/posts\/98663","targetHints":{"allow":["GET"]}}],"collection":[{"href":"https:\/\/www.redenoticia.com.br\/noticia\/wp-json\/wp\/v2\/posts"}],"about":[{"href":"https:\/\/www.redenoticia.com.br\/noticia\/wp-json\/wp\/v2\/types\/post"}],"author":[{"embeddable":true,"href":"https:\/\/www.redenoticia.com.br\/noticia\/wp-json\/wp\/v2\/users\/2"}],"replies":[{"embeddable":true,"href":"https:\/\/www.redenoticia.com.br\/noticia\/wp-json\/wp\/v2\/comments?post=98663"}],"version-history":[{"count":0,"href":"https:\/\/www.redenoticia.com.br\/noticia\/wp-json\/wp\/v2\/posts\/98663\/revisions"}],"wp:featuredmedia":[{"embeddable":true,"href":"https:\/\/www.redenoticia.com.br\/noticia\/wp-json\/wp\/v2\/media\/57585"}],"wp:attachment":[{"href":"https:\/\/www.redenoticia.com.br\/noticia\/wp-json\/wp\/v2\/media?parent=98663"}],"wp:term":[{"taxonomy":"category","embeddable":true,"href":"https:\/\/www.redenoticia.com.br\/noticia\/wp-json\/wp\/v2\/categories?post=98663"},{"taxonomy":"post_tag","embeddable":true,"href":"https:\/\/www.redenoticia.com.br\/noticia\/wp-json\/wp\/v2\/tags?post=98663"}],"curies":[{"name":"wp","href":"https:\/\/api.w.org\/{rel}","templated":true}]}}