{"id":98655,"date":"2016-11-01T06:22:59","date_gmt":"2016-11-01T08:22:59","guid":{"rendered":"http:\/\/www.redenoticia.com.br\/noticia\/?p=98655"},"modified":"2016-10-31T16:27:54","modified_gmt":"2016-10-31T18:27:54","slug":"acordo-ortografico-esta-na-pauta-da-conferencia-da-cplp","status":"publish","type":"post","link":"https:\/\/www.redenoticia.com.br\/noticia\/2016\/acordo-ortografico-esta-na-pauta-da-conferencia-da-cplp\/98655","title":{"rendered":"Acordo ortogr\u00e1fico est\u00e1 na pauta da confer\u00eancia da CPLP"},"content":{"rendered":"<p> A Declara\u00e7\u00e3o de Bras\u00edlia, que estabelece o plano de trabalho da Comunidade de Pa\u00edses de L\u00edngua Portuguesa (CPLP) para os pr\u00f3ximos anos, e a expans\u00e3o do <strong><em>Acordo Ortogr\u00e1fico<\/em><\/strong> da L\u00edngua Portuguesa est\u00e3o na pauta de discuss\u00e3o da 11\u00aa Confer\u00eancia de Chefes de Estado e de Governo do grupo. A confer\u00eancia tem como tema a CPLP e a Agenda para o Desenvolvimento Sustent\u00e1vel em 2030.<\/p>\n<p>De acordo com o subsecret\u00e1rio para \u00c1frica e Oriente M\u00e9dio do Minist\u00e9rio das Rela\u00e7\u00f5es Exteriores, embaixador Fernando Abreu, o acordo ortogr\u00e1fico \u00e9 vigente no Brasil, em Portugal e Cabo Verde, mas ainda est\u00e1 em processo de ratifica\u00e7\u00e3o em Angola e Mo\u00e7ambique.<\/p>\n<p> \u201cIsso facilitar\u00e1 a divulga\u00e7\u00e3o da l\u00edngua portuguesa e determinadas tarefas, como a divulga\u00e7\u00e3o de livros, ser\u00e1 facilitada porque teremos uma ortografia \u00fanica. Evidentemente, respeitando as express\u00f5es regionais, de cada pa\u00eds, a um vocabul\u00e1rio ortogr\u00e1fico convencional\u201d.<\/p>\n<p>O embaixador destacou a presen\u00e7a do novo secret\u00e1rio-geral das Na\u00e7\u00f5es Unidas, o portugu\u00eas Ant\u00f3nio Guterres, que aceitou o convite do presidente da Rep\u00fablica, Michel Temer, para participar da abertura da confer\u00eancia. \u201cEle ter\u00e1 a oportunidade de trocar opini\u00f5es e estudar planos espec\u00edficos de coopera\u00e7\u00e3o com a CPLP e com os diferentes pa\u00edses do mundo\u201d, disse.<\/p>\n<p>O Brasil assumir\u00e1 a presid\u00eancia do grupo pelo pr\u00f3ximo bi\u00eanio, sucedendo o Timor-Leste, no ano em que a CPLP comemora 20 anos. Fazem parte tamb\u00e9m da comunidade Angola, Cabo Verde, Guin\u00e9 Bissau, Guin\u00e9 Equatorial, Mo\u00e7ambique, Portugal, S\u00e3o Tom\u00e9 e Pr\u00edncipe e Timor-Leste.<\/p>\n<p>Al\u00e9m da valoriza\u00e7\u00e3o da l\u00edngua portuguesa, a CPLP busca projetos de coopera\u00e7\u00e3o entre os pa\u00edses-membros em v\u00e1rias \u00e1reas, como educa\u00e7\u00e3o, sa\u00fade, ci\u00eancia e tecnologia, defesa, agricultura, administra\u00e7\u00e3o p\u00fablica, comunica\u00e7\u00f5es, justi\u00e7a, seguran\u00e7a p\u00fablica, cultura e desporto<\/p>\n<p>Da Ag\u00eancia Brasil<br \/>\nEdi\u00e7\u00e3o: A\u00e9cio Amado<br \/>\n01\/11\/2016<\/p>\n","protected":false},"excerpt":{"rendered":"<p>A Declara\u00e7\u00e3o de Bras\u00edlia, que estabelece o plano de trabalho da Comunidade de Pa\u00edses de L\u00edngua Portuguesa (CPLP) para os pr\u00f3ximos anos, e a expans\u00e3o do Acordo Ortogr\u00e1fico da L\u00edngua Portuguesa est\u00e3o na pauta de discuss\u00e3o da 11\u00aa Confer\u00eancia de Chefes de Estado e de Governo do grupo. A confer\u00eancia tem como tema a CPLP [&hellip;]<\/p>\n","protected":false},"author":2,"featured_media":36265,"comment_status":"open","ping_status":"closed","sticky":false,"template":"","format":"standard","meta":{"_genesis_hide_title":false,"_genesis_hide_breadcrumbs":false,"_genesis_hide_singular_image":false,"_genesis_hide_footer_widgets":false,"_genesis_custom_body_class":"","_genesis_custom_post_class":"","_genesis_layout":"","_jetpack_memberships_contains_paid_content":false,"footnotes":""},"categories":[22],"tags":[],"class_list":{"0":"post-98655","1":"post","2":"type-post","3":"status-publish","4":"format-standard","5":"has-post-thumbnail","7":"category-brasil","8":"entry","9":"gs-1","10":"gs-odd","11":"gs-even","12":"gs-featured-content-entry"},"jetpack_featured_media_url":"https:\/\/www.redenoticia.com.br\/noticia\/imagens\/aluno-b.jpg","jetpack_sharing_enabled":true,"jetpack_likes_enabled":true,"_links":{"self":[{"href":"https:\/\/www.redenoticia.com.br\/noticia\/wp-json\/wp\/v2\/posts\/98655","targetHints":{"allow":["GET"]}}],"collection":[{"href":"https:\/\/www.redenoticia.com.br\/noticia\/wp-json\/wp\/v2\/posts"}],"about":[{"href":"https:\/\/www.redenoticia.com.br\/noticia\/wp-json\/wp\/v2\/types\/post"}],"author":[{"embeddable":true,"href":"https:\/\/www.redenoticia.com.br\/noticia\/wp-json\/wp\/v2\/users\/2"}],"replies":[{"embeddable":true,"href":"https:\/\/www.redenoticia.com.br\/noticia\/wp-json\/wp\/v2\/comments?post=98655"}],"version-history":[{"count":0,"href":"https:\/\/www.redenoticia.com.br\/noticia\/wp-json\/wp\/v2\/posts\/98655\/revisions"}],"wp:featuredmedia":[{"embeddable":true,"href":"https:\/\/www.redenoticia.com.br\/noticia\/wp-json\/wp\/v2\/media\/36265"}],"wp:attachment":[{"href":"https:\/\/www.redenoticia.com.br\/noticia\/wp-json\/wp\/v2\/media?parent=98655"}],"wp:term":[{"taxonomy":"category","embeddable":true,"href":"https:\/\/www.redenoticia.com.br\/noticia\/wp-json\/wp\/v2\/categories?post=98655"},{"taxonomy":"post_tag","embeddable":true,"href":"https:\/\/www.redenoticia.com.br\/noticia\/wp-json\/wp\/v2\/tags?post=98655"}],"curies":[{"name":"wp","href":"https:\/\/api.w.org\/{rel}","templated":true}]}}