{"id":98613,"date":"2016-10-31T19:55:59","date_gmt":"2016-10-31T21:55:59","guid":{"rendered":"http:\/\/www.redenoticia.com.br\/noticia\/?p=98613"},"modified":"2016-10-31T16:14:49","modified_gmt":"2016-10-31T18:14:49","slug":"novela-cumplices-de-um-resgate-resumo-0111-manuela-e-isabela-gravam-uma-musica","status":"publish","type":"post","link":"https:\/\/www.redenoticia.com.br\/noticia\/2016\/novela-cumplices-de-um-resgate-resumo-0111-manuela-e-isabela-gravam-uma-musica\/98613","title":{"rendered":"Novela \u201cC\u00famplices de um Resgate\u201d resumo 01\/11: Manuela e Isabela fazem as pazes"},"content":{"rendered":"<p><img loading=\"lazy\" decoding=\"async\" class=\"alignleft size-thumbnail wp-image-71351\" src=\"https:\/\/www.redenoticia.com.br\/noticia\/imagens\/cumplices_de_um_resgate_sbt_novela_resumo-150x112.jpg\" alt=\"cumplices_de_um_resgate_sbt_novela_resumo\" width=\"150\" height=\"112\" srcset=\"https:\/\/www.redenoticia.com.br\/noticia\/imagens\/cumplices_de_um_resgate_sbt_novela_resumo-150x112.jpg 150w, https:\/\/www.redenoticia.com.br\/noticia\/imagens\/cumplices_de_um_resgate_sbt_novela_resumo-265x198.jpg 265w\" sizes=\"auto, (max-width: 150px) 100vw, 150px\" \/><strong><em>Novela \u201cC\u00famplices de um Resgate\u201d resumo 01\/11<\/em><\/strong>:\u00a0Manuela conta para Joaquim que Isabela forjou o v\u00eddeo onde cantam juntas. Joaquim diz aos Vaz que o perfil hater j\u00e1 descobriu sobre a falsidade do v\u00eddeo de Manuela e Isabela e se preocupam. Depois, Vicente diz aos irm\u00e3os Vaz que a produ\u00e7\u00e3o do programa de concurso de banda descobriu que o v\u00eddeo das g\u00eameas \u00e9 falso. Joaquim resolve ir ao vilarejo e diz a Isabela que ela precisa consertar as coisas ao fazer um v\u00eddeo com Manuela, pelo bem da banda. Ent\u00e3o, Manuela e Isabela gravam uma m\u00fasica na pra\u00e7a do vilarejo. As duas fazem as pazes e os amigos comemoram. <\/p>\n<p>No cap\u00edtulo 327(*), novela \u201cC\u00famplice de um Resgate\u201d, ter\u00e7a-feira, 01 de novembro \u2013 Vicente diz aos irm\u00e3os Vaz que a produ\u00e7\u00e3o do programa de concurso de banda ficou sabendo que o v\u00eddeo das g\u00eameas \u00e9 falso. Os capangas de Geraldo se escondem no por\u00e3o da mans\u00e3o de Regina. Isabela vai at\u00e9 a casa de T\u00e9o e ajuda ele a organizar suas roupas para que ele consiga se vestir sozinho, combinando as cores.<\/p>\n<p>Ot\u00e1vio diz para Rebeca que podem procurar um advogado para acertar sua separa\u00e7\u00e3o em rela\u00e7\u00e3o a Maur\u00edcio. Rebeca n\u00e3o gosta muito dele ter convidado Paola para ser sua madrinha. Manteiguinha fica triste que T\u00e9o n\u00e3o que mais a ajuda dele. Isabela fica revoltada ao saber que Nina e Manuela oferecem a casa para servir de espa\u00e7o de ora\u00e7\u00e3o para Maur\u00edcio. O pastor Augusto volta ao vilarejo e vai atr\u00e1s de Fl\u00e1via.<\/p>\n<p>Augusto fica sabendo que a igreja j\u00e1 tem um novo pastor. Joaquim vai at\u00e9 o vilarejo para dizer que Isabela precisa concertar as coisas ao fazer um v\u00eddeo com Manuela pelo bem da banda. Mateus e D\u00f3ris auxiliam a professora com a \u201cCampanha do Bem\u201d. Manuela e Isabela gravam uma m\u00fasica na pra\u00e7a do vilarejo. As duas fazem as pazes e os amigos comemoram. Isabela se assusta com uma iguana que apareceu em sua casa e logo percebe que foi Sabrina quem deixou o animal l\u00e1. Pedro quase atropela T\u00e9o por acidente, que andava sem bengala.<\/p>\n<p>(*) edi\u00e7\u00e3o do SBT, Novela \u201cC\u00famplices de um Resgate\u201d, sujeito a altera\u00e7\u00e3o de data e conte\u00fado.<\/p>\n","protected":false},"excerpt":{"rendered":"<p>Novela \u201cC\u00famplices de um Resgate\u201d resumo 01\/11:\u00a0Manuela conta para Joaquim que Isabela forjou o v\u00eddeo onde cantam juntas. Joaquim diz aos Vaz que o perfil hater j\u00e1 descobriu sobre a falsidade do v\u00eddeo de Manuela e Isabela e se preocupam. Depois, Vicente diz aos irm\u00e3os Vaz que a produ\u00e7\u00e3o do programa de concurso de banda [&hellip;]<\/p>\n","protected":false},"author":4,"featured_media":71351,"comment_status":"open","ping_status":"closed","sticky":false,"template":"","format":"standard","meta":{"_genesis_hide_title":false,"_genesis_hide_breadcrumbs":false,"_genesis_hide_singular_image":false,"_genesis_hide_footer_widgets":false,"_genesis_custom_body_class":"","_genesis_custom_post_class":"","_genesis_layout":"","_jetpack_memberships_contains_paid_content":false,"footnotes":""},"categories":[379,372,343],"tags":[441],"class_list":{"0":"post-98613","1":"post","2":"type-post","3":"status-publish","4":"format-standard","5":"has-post-thumbnail","7":"category-novelas","8":"category-sbt","9":"category-televisao","10":"tag-resumo-do-dia","11":"entry","12":"gs-1","13":"gs-odd","14":"gs-even","15":"gs-featured-content-entry"},"jetpack_featured_media_url":"https:\/\/www.redenoticia.com.br\/noticia\/imagens\/cumplices_de_um_resgate_sbt_novela_resumo.jpg","jetpack_sharing_enabled":true,"jetpack_likes_enabled":true,"_links":{"self":[{"href":"https:\/\/www.redenoticia.com.br\/noticia\/wp-json\/wp\/v2\/posts\/98613","targetHints":{"allow":["GET"]}}],"collection":[{"href":"https:\/\/www.redenoticia.com.br\/noticia\/wp-json\/wp\/v2\/posts"}],"about":[{"href":"https:\/\/www.redenoticia.com.br\/noticia\/wp-json\/wp\/v2\/types\/post"}],"author":[{"embeddable":true,"href":"https:\/\/www.redenoticia.com.br\/noticia\/wp-json\/wp\/v2\/users\/4"}],"replies":[{"embeddable":true,"href":"https:\/\/www.redenoticia.com.br\/noticia\/wp-json\/wp\/v2\/comments?post=98613"}],"version-history":[{"count":0,"href":"https:\/\/www.redenoticia.com.br\/noticia\/wp-json\/wp\/v2\/posts\/98613\/revisions"}],"wp:featuredmedia":[{"embeddable":true,"href":"https:\/\/www.redenoticia.com.br\/noticia\/wp-json\/wp\/v2\/media\/71351"}],"wp:attachment":[{"href":"https:\/\/www.redenoticia.com.br\/noticia\/wp-json\/wp\/v2\/media?parent=98613"}],"wp:term":[{"taxonomy":"category","embeddable":true,"href":"https:\/\/www.redenoticia.com.br\/noticia\/wp-json\/wp\/v2\/categories?post=98613"},{"taxonomy":"post_tag","embeddable":true,"href":"https:\/\/www.redenoticia.com.br\/noticia\/wp-json\/wp\/v2\/tags?post=98613"}],"curies":[{"name":"wp","href":"https:\/\/api.w.org\/{rel}","templated":true}]}}