{"id":98510,"date":"2016-10-31T06:16:11","date_gmt":"2016-10-31T08:16:11","guid":{"rendered":"http:\/\/www.redenoticia.com.br\/noticia\/?p=98510"},"modified":"2016-10-28T15:17:58","modified_gmt":"2016-10-28T17:17:58","slug":"confianca-do-empresario-do-comercio-avanca-187-em-outubro","status":"publish","type":"post","link":"https:\/\/www.redenoticia.com.br\/noticia\/2016\/confianca-do-empresario-do-comercio-avanca-187-em-outubro\/98510","title":{"rendered":"Confian\u00e7a do Empres\u00e1rio do Com\u00e9rcio avan\u00e7a 18,7% em outubro"},"content":{"rendered":"<p> O <strong><em>\u00cdndice de Confian\u00e7a do Empres\u00e1rio do Com\u00e9rcio<\/em><\/strong> (Icec), medido pela Confedera\u00e7\u00e3o Nacional do Com\u00e9rcio de Bens, Servi\u00e7os e Turismo (CNC), cresceu 18,7% em outubro deste ano, na compara\u00e7\u00e3o com o mesmo per\u00edodo do ano passado. Essa foi a maior alta registrada pela pesquisa, segundo a CNC, e \u00e9 a quarta taxa positiva nesse tipo de compara\u00e7\u00e3o.<\/p>\n<p>Na compara\u00e7\u00e3o com setembro \u00faltimo, a alta foi de 1%, o sexto aumento consecutivo.<\/p>\n<p>O crescimento de 18,7% na compara\u00e7\u00e3o com outubro de 2015 foi puxado principalmente pela avalia\u00e7\u00e3o dos empres\u00e1rios do com\u00e9rcio em rela\u00e7\u00e3o ao momento atual. Sua satisfa\u00e7\u00e3o com a situa\u00e7\u00e3o da economia aumentou 101,3%. O empresariado tamb\u00e9m est\u00e1 mais otimista com o momento do setor (35,8%) e de seu pr\u00f3prio neg\u00f3cio (15,7%).<\/p>\n<p>H\u00e1 ainda melhora nas opini\u00f5es em rela\u00e7\u00e3o ao futuro da economia (37,6%), do com\u00e9rcio (19,1%) e da empresa (10,4%). Mais empres\u00e1rios tamb\u00e9m esperam contratar funcion\u00e1rios (21%). No entanto, houve queda em rela\u00e7\u00e3o aos investimentos na empresa (-0,7%) e na avalia\u00e7\u00e3o da situa\u00e7\u00e3o dos estoques (-4,2%).<\/p>\n<p>Vitor Abdala \u2013 Rep\u00f3rter da Ag\u00eancia Brasil<br \/>\nEdi\u00e7\u00e3o: Kleber Sampaio<br \/>\n31\/10\/2016<\/p>\n","protected":false},"excerpt":{"rendered":"<p>O \u00cdndice de Confian\u00e7a do Empres\u00e1rio do Com\u00e9rcio (Icec), medido pela Confedera\u00e7\u00e3o Nacional do Com\u00e9rcio de Bens, Servi\u00e7os e Turismo (CNC), cresceu 18,7% em outubro deste ano, na compara\u00e7\u00e3o com o mesmo per\u00edodo do ano passado. Essa foi a maior alta registrada pela pesquisa, segundo a CNC, e \u00e9 a quarta taxa positiva nesse tipo [&hellip;]<\/p>\n","protected":false},"author":2,"featured_media":57583,"comment_status":"open","ping_status":"closed","sticky":false,"template":"","format":"standard","meta":{"_genesis_hide_title":false,"_genesis_hide_breadcrumbs":false,"_genesis_hide_singular_image":false,"_genesis_hide_footer_widgets":false,"_genesis_custom_body_class":"","_genesis_custom_post_class":"","_genesis_layout":"","_jetpack_memberships_contains_paid_content":false,"footnotes":""},"categories":[22,7],"tags":[],"class_list":{"0":"post-98510","1":"post","2":"type-post","3":"status-publish","4":"format-standard","5":"has-post-thumbnail","7":"category-brasil","8":"category-economia","9":"entry","10":"gs-1","11":"gs-odd","12":"gs-even","13":"gs-featured-content-entry"},"jetpack_featured_media_url":"https:\/\/www.redenoticia.com.br\/noticia\/imagens\/economia-grafico.jpg","jetpack_sharing_enabled":true,"jetpack_likes_enabled":true,"_links":{"self":[{"href":"https:\/\/www.redenoticia.com.br\/noticia\/wp-json\/wp\/v2\/posts\/98510","targetHints":{"allow":["GET"]}}],"collection":[{"href":"https:\/\/www.redenoticia.com.br\/noticia\/wp-json\/wp\/v2\/posts"}],"about":[{"href":"https:\/\/www.redenoticia.com.br\/noticia\/wp-json\/wp\/v2\/types\/post"}],"author":[{"embeddable":true,"href":"https:\/\/www.redenoticia.com.br\/noticia\/wp-json\/wp\/v2\/users\/2"}],"replies":[{"embeddable":true,"href":"https:\/\/www.redenoticia.com.br\/noticia\/wp-json\/wp\/v2\/comments?post=98510"}],"version-history":[{"count":0,"href":"https:\/\/www.redenoticia.com.br\/noticia\/wp-json\/wp\/v2\/posts\/98510\/revisions"}],"wp:featuredmedia":[{"embeddable":true,"href":"https:\/\/www.redenoticia.com.br\/noticia\/wp-json\/wp\/v2\/media\/57583"}],"wp:attachment":[{"href":"https:\/\/www.redenoticia.com.br\/noticia\/wp-json\/wp\/v2\/media?parent=98510"}],"wp:term":[{"taxonomy":"category","embeddable":true,"href":"https:\/\/www.redenoticia.com.br\/noticia\/wp-json\/wp\/v2\/categories?post=98510"},{"taxonomy":"post_tag","embeddable":true,"href":"https:\/\/www.redenoticia.com.br\/noticia\/wp-json\/wp\/v2\/tags?post=98510"}],"curies":[{"name":"wp","href":"https:\/\/api.w.org\/{rel}","templated":true}]}}